{"id":2767,"date":"2018-05-23T20:33:28","date_gmt":"2018-05-23T18:33:28","guid":{"rendered":"https:\/\/www.irrecams.de\/?p=2767"},"modified":"2018-05-23T20:45:03","modified_gmt":"2018-05-23T18:45:03","slug":"workshop-report","status":"publish","type":"post","link":"https:\/\/irrecams.de\/en\/blog\/2018\/workshop-report\/","title":{"rendered":"Workshop report"},"content":{"rendered":"<p><a href=\"https:\/\/www.irrecams.de\/wp-content\/uploads\/2018\/05\/SAM_7499.jpg\"><img loading=\"lazy\" decoding=\"async\" src=\"https:\/\/www.irrecams.de\/wp-content\/uploads\/2018\/05\/SAM_7499.jpg\" alt=\"\" width=\"960\" height=\"641\" class=\"aligncenter size-full wp-image-2769\" srcset=\"https:\/\/irrecams.de\/wp-content\/uploads\/2018\/05\/SAM_7499.jpg 960w, https:\/\/irrecams.de\/wp-content\/uploads\/2018\/05\/SAM_7499-600x401.jpg 600w, https:\/\/irrecams.de\/wp-content\/uploads\/2018\/05\/SAM_7499-300x200.jpg 300w, https:\/\/irrecams.de\/wp-content\/uploads\/2018\/05\/SAM_7499-768x513.jpg 768w, https:\/\/irrecams.de\/wp-content\/uploads\/2018\/05\/SAM_7499-350x234.jpg 350w\" sizes=\"auto, (max-width: 960px) 100vw, 960px\" \/><\/a><\/p>\n<p>A big island, 3 days program, 7 locations and lots of fun. Over Whitsun, the first event I organized took place on the island of R\u00fcgen. <a href=\"https:\/\/irrecams.de\/en\/workshops\/\">Infrared workshop<\/a> in sunny, warm weather and with very friendly people! <\/p>\n<p>In a small group of 10 people, we dealt with both the technical and practical aspects of infrared photography. Of course, the infrared-specific post-processing of images was not to be missed. On the island of R\u00fcgen, we photographed a wide variety of motifs such as the chalk coasts, spa architecture and Bodden landscapes. All participants were able to take home new ideas and perspectives, as well as valuable contacts with like-minded people and, of course, fully loaded memory cards.<\/p>\n<p>I really enjoyed explaining the topic and being out and about with the participants. It was a shame that it was over so quickly.<\/p>\n<p>Inspired by the positive feedback, I will continue to organize workshops in the future. You will receive more information about this first in my e-mail distribution list. So <a href=\"https:\/\/irrecams.de\/en\/contact\/\">write me briefly<\/a>if you want to be the first to know about new workshops!<\/p>","protected":false},"excerpt":{"rendered":"<p>Eine gro\u00dfe Insel, 3 Tage Programm, 7 Locations und ganz viel Spa\u00df. \u00dcber Pfignsten fand auf der Insel R\u00fcgen der erste von mir durchgef\u00fchrte Infrarot Workshop bei sonnig-warmem Wetter und mit sehr sympathischen Menschen statt! Wir haben uns in einer kleinen Gruppe von 10 Leuten sowohl mit technischen als auch praktischen Aspekten der Infrarot Fotografie [&hellip;]<\/p>\n","protected":false},"author":1,"featured_media":0,"comment_status":"closed","ping_status":"closed","sticky":false,"template":"","format":"standard","meta":{"footnotes":""},"categories":[3],"tags":[],"class_list":["post-2767","post","type-post","status-publish","format-standard","hentry","category-blog"],"_links":{"self":[{"href":"https:\/\/irrecams.de\/en\/wp-json\/wp\/v2\/posts\/2767","targetHints":{"allow":["GET"]}}],"collection":[{"href":"https:\/\/irrecams.de\/en\/wp-json\/wp\/v2\/posts"}],"about":[{"href":"https:\/\/irrecams.de\/en\/wp-json\/wp\/v2\/types\/post"}],"author":[{"embeddable":true,"href":"https:\/\/irrecams.de\/en\/wp-json\/wp\/v2\/users\/1"}],"replies":[{"embeddable":true,"href":"https:\/\/irrecams.de\/en\/wp-json\/wp\/v2\/comments?post=2767"}],"version-history":[{"count":2,"href":"https:\/\/irrecams.de\/en\/wp-json\/wp\/v2\/posts\/2767\/revisions"}],"predecessor-version":[{"id":2777,"href":"https:\/\/irrecams.de\/en\/wp-json\/wp\/v2\/posts\/2767\/revisions\/2777"}],"wp:attachment":[{"href":"https:\/\/irrecams.de\/en\/wp-json\/wp\/v2\/media?parent=2767"}],"wp:term":[{"taxonomy":"category","embeddable":true,"href":"https:\/\/irrecams.de\/en\/wp-json\/wp\/v2\/categories?post=2767"},{"taxonomy":"post_tag","embeddable":true,"href":"https:\/\/irrecams.de\/en\/wp-json\/wp\/v2\/tags?post=2767"}],"curies":[{"name":"wp","href":"https:\/\/api.w.org\/{rel}","templated":true}]}}