{"id":4265,"date":"2019-09-19T17:17:56","date_gmt":"2019-09-19T15:17:56","guid":{"rendered":"https:\/\/www.irrecams.de\/?p=4265"},"modified":"2021-01-14T14:14:57","modified_gmt":"2021-01-14T13:14:57","slug":"exposicion-y-conferencia-en-zingst","status":"publish","type":"post","link":"https:\/\/irrecams.de\/es\/blog\/2019\/exposicion-y-conferencia-en-zingst\/","title":{"rendered":"Exposici\u00f3n y conferencia en Zingst"},"content":{"rendered":"<p>Mi exposici\u00f3n \"Heimat - im besonderen Licht\" se podr\u00e1 visitar a partir del 1 de octubre de 2019 en el <a rel=\"noreferrer noopener\" aria-label=\"Hotel Vier Jahreszeiten en Zingst (se abre en una nueva pesta\u00f1a)\" href=\"https:\/\/www.zingst.de\/de\/veranstaltungen\/heimat-im-besonderen-licht\" target=\"_blank\">Hotel Vier Jahreszeiten en Zingst<\/a> para ver. La exposici\u00f3n muestra una colorida muestra representativa de los temas de la fotograf\u00eda de naturaleza.  Desde plantas, insectos y animales hasta paisajes y fotograf\u00edas de estrellas, est\u00e1 representado un amplio espectro de g\u00e9neros. Las 31 im\u00e1genes tienen en com\u00fan que fueron tomadas en Mecklemburgo-Pomerania Occidental. Las im\u00e1genes estar\u00e1n expuestas hasta el 20 de febrero de 2020.<\/p>\n\n\n\n<!--more-->\n\n\n\n<figure class=\"wp-block-gallery columns-1 is-cropped wp-block-gallery-1 is-layout-flex wp-block-gallery-is-layout-flex\"><ul class=\"blocks-gallery-grid\"><li class=\"blocks-gallery-item\"><figure><a href=\"https:\/\/irrecams.de\/wp-content\/uploads\/2019\/09\/K3_00982.jpg\"><img loading=\"lazy\" decoding=\"async\" width=\"999\" height=\"665\" src=\"https:\/\/irrecams.de\/wp-content\/uploads\/2019\/09\/K3_00982.jpg\" alt=\"\" data-id=\"4266\" data-full-url=\"https:\/\/irrecams.de\/wp-content\/uploads\/2019\/09\/K3_00982.jpg\" data-link=\"https:\/\/irrecams.de\/blog\/2019\/09\/ausstellung-und-vortrag-in-zingst\/attachment\/kranich-grus-grus\/\" class=\"wp-image-4266\" srcset=\"https:\/\/irrecams.de\/wp-content\/uploads\/2019\/09\/K3_00982.jpg 999w, https:\/\/irrecams.de\/wp-content\/uploads\/2019\/09\/K3_00982-600x399.jpg 600w, https:\/\/irrecams.de\/wp-content\/uploads\/2019\/09\/K3_00982-300x200.jpg 300w, https:\/\/irrecams.de\/wp-content\/uploads\/2019\/09\/K3_00982-768x511.jpg 768w, https:\/\/irrecams.de\/wp-content\/uploads\/2019\/09\/K3_00982-350x233.jpg 350w\" sizes=\"auto, (max-width: 999px) 100vw, 999px\" \/><\/a><\/figure><\/li><\/ul><\/figure>\n\n\n\n<p>Con motivo del \"D\u00eda del Libro de Fotos\" en Zingst, dar\u00e9 una charla informal junto con otros 2 fot\u00f3grafos en la Max H\u00fcnten Haus de Zingst. Cada fot\u00f3grafo presentar\u00e1 una obra nueva y hablar\u00e1 un poco de su trabajo. Tambi\u00e9n presentar\u00e9 mi calendario de R\u00fcgen, que se podr\u00e1 encargar en breve. La entrada al D\u00eda del Libro de Fotos es gratuita y estar\u00e9 encantada de conocerte el 2 de octubre a las 11.00 horas en Zingst.<\/p>","protected":false},"excerpt":{"rendered":"<p>Meine Ausstellung &#8220;Heimat &#8211; im besonderen Licht&#8221; ist ab dem 1. Oktober 2019 im Hotel Vier Jahreszeiten in Zingst zu sehen. Die Ausstellung zeigt einen bunten Querschnitt aus naturfotografischen Themen. Von Pflanzen \u00fcber Insekten und Tieren hin zu Landschaften und Sternenaufnahmen ist ein breites Spektrum an Genres vertreten. Gemeinsam haben alle 31 Bilder, dass sie [&hellip;]<\/p>\n","protected":false},"author":1,"featured_media":4266,"comment_status":"closed","ping_status":"closed","sticky":false,"template":"","format":"standard","meta":{"footnotes":""},"categories":[3],"tags":[],"class_list":["post-4265","post","type-post","status-publish","format-standard","has-post-thumbnail","hentry","category-blog"],"_links":{"self":[{"href":"https:\/\/irrecams.de\/es\/wp-json\/wp\/v2\/posts\/4265","targetHints":{"allow":["GET"]}}],"collection":[{"href":"https:\/\/irrecams.de\/es\/wp-json\/wp\/v2\/posts"}],"about":[{"href":"https:\/\/irrecams.de\/es\/wp-json\/wp\/v2\/types\/post"}],"author":[{"embeddable":true,"href":"https:\/\/irrecams.de\/es\/wp-json\/wp\/v2\/users\/1"}],"replies":[{"embeddable":true,"href":"https:\/\/irrecams.de\/es\/wp-json\/wp\/v2\/comments?post=4265"}],"version-history":[{"count":2,"href":"https:\/\/irrecams.de\/es\/wp-json\/wp\/v2\/posts\/4265\/revisions"}],"predecessor-version":[{"id":6204,"href":"https:\/\/irrecams.de\/es\/wp-json\/wp\/v2\/posts\/4265\/revisions\/6204"}],"wp:featuredmedia":[{"embeddable":true,"href":"https:\/\/irrecams.de\/es\/wp-json\/wp\/v2\/media\/4266"}],"wp:attachment":[{"href":"https:\/\/irrecams.de\/es\/wp-json\/wp\/v2\/media?parent=4265"}],"wp:term":[{"taxonomy":"category","embeddable":true,"href":"https:\/\/irrecams.de\/es\/wp-json\/wp\/v2\/categories?post=4265"},{"taxonomy":"post_tag","embeddable":true,"href":"https:\/\/irrecams.de\/es\/wp-json\/wp\/v2\/tags?post=4265"}],"curies":[{"name":"wp","href":"https:\/\/api.w.org\/{rel}","templated":true}]}}