{"id":4758,"date":"2020-03-08T20:24:59","date_gmt":"2020-03-08T19:24:59","guid":{"rendered":"https:\/\/www.irrecams.de\/?p=4758"},"modified":"2020-03-22T18:08:16","modified_gmt":"2020-03-22T17:08:16","slug":"tratamiento-de-imagenes-infrarrojas-ep-5","status":"publish","type":"post","link":"https:\/\/irrecams.de\/es\/blog\/videos\/2020\/tratamiento-de-imagenes-infrarrojas-ep-5\/","title":{"rendered":"Tratamiento de im\u00e1genes infrarrojas Ep. 5"},"content":{"rendered":"<p>Episodio 5 sobre el tratamiento de im\u00e1genes infrarrojas en dartkatble. Muchas gracias al Dr. Martin Kr\u00fcger por la imagen. Fue tomada con un filtro de 700 nm, decid\u00ed utilizar el procesamiento de color.<\/p>\n\n\n\n<p>\u00a1Espero poder editar m\u00e1s fotos en el futuro! \u00a1Escr\u00edbeme si tienes una foto que quieres que edite!<\/p>\n\n\n\n<!--more-->\n\n\n\n<figure class=\"wp-block-embed-youtube wp-block-embed is-type-video is-provider-youtube wp-embed-aspect-16-9 wp-has-aspect-ratio\"><div class=\"wp-block-embed__wrapper\">\nhttps:\/\/www.youtube.com\/watch?v=Y7ieMxbBl-Y\n<\/div><\/figure>\n\n\n\n<p>En vimeo:<br><a href=\"https:\/\/vimeo.com\/channels\/1532271\" target=\"_blank\" rel=\"noreferrer noopener\" aria-label=\" https:\/\/vimeo.com\/channels\/1532271 (se abre en una nueva pesta\u00f1a)\"> https:\/\/vimeo.com\/channels\/1532271<\/a><\/p>\n\n\n\n<p>En YouTube:<br><a href=\"https:\/\/www.youtube.com\/channel\/UCcshPzau0z9MS7uKMR2fU9w\" target=\"_blank\" rel=\"noreferrer noopener\" aria-label=\" https:\/\/www.youtube.com\/channel\/UCcshPzau0z9MS7uKMR2fU9w (se abre en una nueva pesta\u00f1a)\"> https:\/\/www.youtube.com\/channel\/UCcshPzau0z9MS7uKMR2fU9w<\/a><\/p>\n\n\n\n<p>M\u00e1s informaci\u00f3n sobre darktable:<br><a href=\"https:\/\/www.darktable.org\" target=\"_blank\" rel=\"noreferrer noopener\" aria-label=\" https:\/\/www.darktable.org (se abre en una nueva pesta\u00f1a)\"> https:\/\/www.darktable.org<\/a><\/p>","protected":false},"excerpt":{"rendered":"<p>Episode 5 zur Infrarot Bildbearbeitung in dartkatble. Vielen Dank an Dr. Martin Kr\u00fcger f\u00fcr das Bild! Es wurde mit einem 700 nm Filter aufgenommen, ich habe mich f\u00fcr eine Farbbearbeitung entschieden. Ich freue mich auch in Zukunft \u00fcber mehr Fotos die ich bearbeiten kann! Schreibt mich einfach an, wenn ihr ein Bild habt das ihr [&hellip;]<\/p>\n","protected":false},"author":1,"featured_media":4759,"comment_status":"closed","ping_status":"closed","sticky":false,"template":"","format":"standard","meta":{"footnotes":""},"categories":[287],"tags":[294,325,295,296,299,290,288,324,289],"class_list":["post-4758","post","type-post","status-publish","format-standard","has-post-thumbnail","hentry","category-videos","tag-bildbearbeitung","tag-garten","tag-infrared","tag-infrarot","tag-ir","tag-irrecams","tag-screencast","tag-teich","tag-tutorial"],"_links":{"self":[{"href":"https:\/\/irrecams.de\/es\/wp-json\/wp\/v2\/posts\/4758","targetHints":{"allow":["GET"]}}],"collection":[{"href":"https:\/\/irrecams.de\/es\/wp-json\/wp\/v2\/posts"}],"about":[{"href":"https:\/\/irrecams.de\/es\/wp-json\/wp\/v2\/types\/post"}],"author":[{"embeddable":true,"href":"https:\/\/irrecams.de\/es\/wp-json\/wp\/v2\/users\/1"}],"replies":[{"embeddable":true,"href":"https:\/\/irrecams.de\/es\/wp-json\/wp\/v2\/comments?post=4758"}],"version-history":[{"count":2,"href":"https:\/\/irrecams.de\/es\/wp-json\/wp\/v2\/posts\/4758\/revisions"}],"predecessor-version":[{"id":4787,"href":"https:\/\/irrecams.de\/es\/wp-json\/wp\/v2\/posts\/4758\/revisions\/4787"}],"wp:featuredmedia":[{"embeddable":true,"href":"https:\/\/irrecams.de\/es\/wp-json\/wp\/v2\/media\/4759"}],"wp:attachment":[{"href":"https:\/\/irrecams.de\/es\/wp-json\/wp\/v2\/media?parent=4758"}],"wp:term":[{"taxonomy":"category","embeddable":true,"href":"https:\/\/irrecams.de\/es\/wp-json\/wp\/v2\/categories?post=4758"},{"taxonomy":"post_tag","embeddable":true,"href":"https:\/\/irrecams.de\/es\/wp-json\/wp\/v2\/tags?post=4758"}],"curies":[{"name":"wp","href":"https:\/\/api.w.org\/{rel}","templated":true}]}}