{"id":7522,"date":"2021-11-04T07:36:51","date_gmt":"2021-11-04T06:36:51","guid":{"rendered":"https:\/\/irrecams.de\/?p=7522"},"modified":"2021-11-04T09:01:15","modified_gmt":"2021-11-04T08:01:15","slug":"espacio-profundo-y-nebulosa-cygnus-con-astro-camara","status":"publish","type":"post","link":"https:\/\/irrecams.de\/es\/blog\/2021\/espacio-profundo-y-nebulosa-cygnus-con-astro-camara\/","title":{"rendered":"Espacio profundo y zona de la nebulosa Cygnus"},"content":{"rendered":"<p class=\"has-small-font-size\">Una contribuci\u00f3n de David Hajnal<\/p>\n\n\n\n<p><\/p>\n\n\n\n<p>A trav\u00e9s de un <a href=\"https:\/\/irrecams.de\/es\/filtros-astro-fotografiar-estrellas-de-noche-con-camaras-modificadas\/\">Conversi\u00f3n Astro<\/a> y una mayor sensibilidad al rojo, es posible obtener im\u00e1genes muy especiales por la noche. Esto no requiere necesariamente un telescopio, ya que <a href=\"https:\/\/500px.com\/p\/davidhajnal?view=photos\" target=\"_blank\" rel=\"noreferrer noopener\">David Hajnal<\/a> muestra de forma impresionante. Apunt\u00f3 con su Sony A7 astromodificada (filtro Astronomik L2) a la constelaci\u00f3n de Cygnus con 75 mm o 135 mm y tom\u00f3 estas impresionantes fotograf\u00edas.<\/p>\n\n\n\n<!--more-->\n\n\n\n<figure class=\"wp-block-image size-large\"><a href=\"https:\/\/irrecams.de\/wp-content\/uploads\/2021\/11\/nebulae_deneb_hajnal.jpg\"><img loading=\"lazy\" decoding=\"async\" width=\"1024\" height=\"682\" src=\"https:\/\/irrecams.de\/wp-content\/uploads\/2021\/11\/nebulae_deneb_hajnal-1024x682.jpg\" alt=\"Cygnus y Deneb - David Hajnal\" class=\"wp-image-7525\" srcset=\"https:\/\/irrecams.de\/wp-content\/uploads\/2021\/11\/nebulae_deneb_hajnal-1024x682.jpg 1024w, https:\/\/irrecams.de\/wp-content\/uploads\/2021\/11\/nebulae_deneb_hajnal-600x400.jpg 600w, https:\/\/irrecams.de\/wp-content\/uploads\/2021\/11\/nebulae_deneb_hajnal-300x200.jpg 300w, https:\/\/irrecams.de\/wp-content\/uploads\/2021\/11\/nebulae_deneb_hajnal-768x512.jpg 768w, https:\/\/irrecams.de\/wp-content\/uploads\/2021\/11\/nebulae_deneb_hajnal-1536x1024.jpg 1536w, https:\/\/irrecams.de\/wp-content\/uploads\/2021\/11\/nebulae_deneb_hajnal-18x12.jpg 18w, https:\/\/irrecams.de\/wp-content\/uploads\/2021\/11\/nebulae_deneb_hajnal-350x233.jpg 350w, https:\/\/irrecams.de\/wp-content\/uploads\/2021\/11\/nebulae_deneb_hajnal.jpg 2000w\" sizes=\"auto, (max-width: 1024px) 100vw, 1024px\" \/><\/a><figcaption>Cygnus y Deneb - David Hajnal<\/figcaption><\/figure>\n\n\n\n<p>La imagen de portada muestra la Nebulosa de Norteam\u00e9rica en la constelaci\u00f3n de Cygnus y la brillante estrella azul Deneb. Esta imagen fue tomada con un objetivo Samyang 135mm F2 a f\/4. Se tomaron 120 im\u00e1genes individuales, cada una con un tiempo de exposici\u00f3n de 30s a ISO 640. Se tomaron 120 im\u00e1genes individuales, cada una con un tiempo de exposici\u00f3n de 30s a ISO 640. Adem\u00e1s, se enrosc\u00f3 en el objetivo un filtro NiSi Natural Night para suprimir la contaminaci\u00f3n lum\u00ednica, as\u00ed como un filtro Tiffen Double Fog 2. Este difusor realza las estrellas brillantes y sus colores.<\/p>\n\n\n\n<p>La siguiente imagen se tom\u00f3 con un Samyang AF 75mm F1.8 FE, reducido a F4. Se tomaron 110 im\u00e1genes individuales, cada una con un tiempo de exposici\u00f3n de 30s a ISO 640. Tambi\u00e9n se volvieron a utilizar los filtros NiSi Natural Night y Tiffen Double Fog 2.<\/p>\n\n\n\n<figure class=\"wp-block-image size-large\"><a href=\"https:\/\/irrecams.de\/wp-content\/uploads\/2021\/11\/072_nebulae_cygnus_hajnal.jpg\"><img loading=\"lazy\" decoding=\"async\" width=\"1024\" height=\"682\" src=\"https:\/\/irrecams.de\/wp-content\/uploads\/2021\/11\/072_nebulae_cygnus_hajnal-1024x682.jpg\" alt=\"\" class=\"wp-image-7524\" srcset=\"https:\/\/irrecams.de\/wp-content\/uploads\/2021\/11\/072_nebulae_cygnus_hajnal-1024x682.jpg 1024w, https:\/\/irrecams.de\/wp-content\/uploads\/2021\/11\/072_nebulae_cygnus_hajnal-600x400.jpg 600w, https:\/\/irrecams.de\/wp-content\/uploads\/2021\/11\/072_nebulae_cygnus_hajnal-300x200.jpg 300w, https:\/\/irrecams.de\/wp-content\/uploads\/2021\/11\/072_nebulae_cygnus_hajnal-768x512.jpg 768w, https:\/\/irrecams.de\/wp-content\/uploads\/2021\/11\/072_nebulae_cygnus_hajnal-1536x1024.jpg 1536w, https:\/\/irrecams.de\/wp-content\/uploads\/2021\/11\/072_nebulae_cygnus_hajnal-18x12.jpg 18w, https:\/\/irrecams.de\/wp-content\/uploads\/2021\/11\/072_nebulae_cygnus_hajnal-350x233.jpg 350w, https:\/\/irrecams.de\/wp-content\/uploads\/2021\/11\/072_nebulae_cygnus_hajnal.jpg 2000w\" sizes=\"auto, (max-width: 1024px) 100vw, 1024px\" \/><\/a><figcaption>Zona de niebla de Cygnus - David Hajnal<\/figcaption><\/figure>\n\n\n\n<p>Para evitar que las estrellas se emborronaran con una exposici\u00f3n de 30 segundos, la c\u00e1mara se sigui\u00f3 con una astromontura. Esto significa que el sujeto permanece inm\u00f3vil en el centro de la imagen durante todo el tiempo de exposici\u00f3n.<\/p>\n\n\n\n<p>Por cierto, ambas fotos fueron tomadas desde mi propio balc\u00f3n en Mannheim. Por tanto, las condiciones de iluminaci\u00f3n eran cualquier cosa menos \u00f3ptimas. El resultado: \"El hecho de que incluso partes de la nebulosa del velo sean claramente visibles a pesar de la contaminaci\u00f3n lum\u00ednica demuestra el gran potencial de este equipo.\"<\/p>\n\n\n\n<p>M\u00e1s fotos de David Hajnal <a href=\"https:\/\/500px.com\/p\/davidhajnal?view=photos\" target=\"_blank\" rel=\"noreferrer noopener\">encontrar en 500px<\/a>.<\/p>","protected":false},"excerpt":{"rendered":"<p>Un art\u00edculo de David Hajnal Es posible obtener im\u00e1genes muy especiales por la noche gracias a una astroconversi\u00f3n y una sensibilidad roja ampliada. Esto no requiere necesariamente un telescopio, como demuestra de forma impresionante David Hajnal. Apunt\u00f3 con su Sony A7 astromodificada (filtro Astronomik L2) a la constelaci\u00f3n de Cygnus con 75 mm o 135 mm y tom\u00f3 estas impresionantes im\u00e1genes.<\/p>","protected":false},"author":3,"featured_media":7525,"comment_status":"closed","ping_status":"closed","sticky":false,"template":"","format":"standard","meta":{"footnotes":""},"categories":[3,358],"tags":[],"class_list":["post-7522","post","type-post","status-publish","format-standard","has-post-thumbnail","hentry","category-blog","category-gast"],"_links":{"self":[{"href":"https:\/\/irrecams.de\/es\/wp-json\/wp\/v2\/posts\/7522","targetHints":{"allow":["GET"]}}],"collection":[{"href":"https:\/\/irrecams.de\/es\/wp-json\/wp\/v2\/posts"}],"about":[{"href":"https:\/\/irrecams.de\/es\/wp-json\/wp\/v2\/types\/post"}],"author":[{"embeddable":true,"href":"https:\/\/irrecams.de\/es\/wp-json\/wp\/v2\/users\/3"}],"replies":[{"embeddable":true,"href":"https:\/\/irrecams.de\/es\/wp-json\/wp\/v2\/comments?post=7522"}],"version-history":[{"count":2,"href":"https:\/\/irrecams.de\/es\/wp-json\/wp\/v2\/posts\/7522\/revisions"}],"predecessor-version":[{"id":7562,"href":"https:\/\/irrecams.de\/es\/wp-json\/wp\/v2\/posts\/7522\/revisions\/7562"}],"wp:featuredmedia":[{"embeddable":true,"href":"https:\/\/irrecams.de\/es\/wp-json\/wp\/v2\/media\/7525"}],"wp:attachment":[{"href":"https:\/\/irrecams.de\/es\/wp-json\/wp\/v2\/media?parent=7522"}],"wp:term":[{"taxonomy":"category","embeddable":true,"href":"https:\/\/irrecams.de\/es\/wp-json\/wp\/v2\/categories?post=7522"},{"taxonomy":"post_tag","embeddable":true,"href":"https:\/\/irrecams.de\/es\/wp-json\/wp\/v2\/tags?post=7522"}],"curies":[{"name":"wp","href":"https:\/\/api.w.org\/{rel}","templated":true}]}}