{"id":7621,"date":"2021-11-24T08:37:37","date_gmt":"2021-11-24T07:37:37","guid":{"rendered":"https:\/\/irrecams.de\/?p=7621"},"modified":"2021-11-24T08:54:47","modified_gmt":"2021-11-24T07:54:47","slug":"calendario-wild-ruegen-2022","status":"publish","type":"post","link":"https:\/\/irrecams.de\/es\/blog\/2021\/calendario-wild-ruegen-2022\/","title":{"rendered":"Calendario Wild R\u00fcgen 2022"},"content":{"rendered":"<p>El calendario \"R\u00fcgen salvaje 2022\" muestra la naturaleza de la isla m\u00e1s grande de Alemania bajo una luz muy especial. Desde la costa de creta del mar B\u00e1ltico, pasando por las praderas y bosques de la isla central, hasta las zonas naturales especiales de la costa de Bodden, el calendario le lleva a lo largo del a\u00f1o. Zonas naturales especiales, espect\u00e1culos naturales y peque\u00f1os detalles de la isla se plasman en 12 variadas p\u00e1ginas del calendario. El calendario est\u00e1 impreso en papel reciclado 100 %.<\/p>\n\n\n\n<!--more-->\n\n\n\n<p>Pida ahora su ejemplar con env\u00edo gratuito dentro de Alemania.<\/p>\n\n\n\n<figure class=\"wp-block-gallery columns-0 is-cropped wp-block-gallery-1 is-layout-flex wp-block-gallery-is-layout-flex\"><ul class=\"blocks-gallery-grid\"><li class=\"blocks-gallery-item\"><figure><a href=\"https:\/\/irrecams.de\/wp-content\/uploads\/2021\/11\/06.jpg\"><img loading=\"lazy\" decoding=\"async\" width=\"999\" height=\"709\" src=\"https:\/\/irrecams.de\/wp-content\/uploads\/2021\/11\/06.jpg\" alt=\"\" data-id=\"7618\" data-full-url=\"https:\/\/irrecams.de\/wp-content\/uploads\/2021\/11\/06.jpg\" data-link=\"https:\/\/irrecams.de\/06-5\/\" class=\"wp-image-7618\" srcset=\"https:\/\/irrecams.de\/wp-content\/uploads\/2021\/11\/06.jpg 999w, https:\/\/irrecams.de\/wp-content\/uploads\/2021\/11\/06-600x426.jpg 600w, https:\/\/irrecams.de\/wp-content\/uploads\/2021\/11\/06-300x213.jpg 300w, https:\/\/irrecams.de\/wp-content\/uploads\/2021\/11\/06-768x545.jpg 768w, https:\/\/irrecams.de\/wp-content\/uploads\/2021\/11\/06-18x12.jpg 18w, https:\/\/irrecams.de\/wp-content\/uploads\/2021\/11\/06-350x248.jpg 350w\" sizes=\"auto, (max-width: 999px) 100vw, 999px\" \/><\/a><\/figure><\/li><li class=\"blocks-gallery-item\"><figure><a href=\"https:\/\/irrecams.de\/wp-content\/uploads\/2021\/11\/12.jpg\"><img loading=\"lazy\" decoding=\"async\" width=\"999\" height=\"709\" src=\"https:\/\/irrecams.de\/wp-content\/uploads\/2021\/11\/12.jpg\" alt=\"\" data-id=\"7619\" data-full-url=\"https:\/\/irrecams.de\/wp-content\/uploads\/2021\/11\/12.jpg\" data-link=\"https:\/\/irrecams.de\/12-2\/\" class=\"wp-image-7619\" srcset=\"https:\/\/irrecams.de\/wp-content\/uploads\/2021\/11\/12.jpg 999w, https:\/\/irrecams.de\/wp-content\/uploads\/2021\/11\/12-600x426.jpg 600w, https:\/\/irrecams.de\/wp-content\/uploads\/2021\/11\/12-300x213.jpg 300w, https:\/\/irrecams.de\/wp-content\/uploads\/2021\/11\/12-768x545.jpg 768w, https:\/\/irrecams.de\/wp-content\/uploads\/2021\/11\/12-18x12.jpg 18w, https:\/\/irrecams.de\/wp-content\/uploads\/2021\/11\/12-350x248.jpg 350w\" sizes=\"auto, (max-width: 999px) 100vw, 999px\" \/><\/a><\/figure><\/li><li class=\"blocks-gallery-item\"><figure><a href=\"https:\/\/irrecams.de\/wp-content\/uploads\/2021\/11\/13.jpg\"><img loading=\"lazy\" decoding=\"async\" width=\"999\" height=\"709\" src=\"https:\/\/irrecams.de\/wp-content\/uploads\/2021\/11\/13.jpg\" alt=\"\" data-id=\"7620\" data-full-url=\"https:\/\/irrecams.de\/wp-content\/uploads\/2021\/11\/13.jpg\" data-link=\"https:\/\/irrecams.de\/13-3\/\" class=\"wp-image-7620\" srcset=\"https:\/\/irrecams.de\/wp-content\/uploads\/2021\/11\/13.jpg 999w, https:\/\/irrecams.de\/wp-content\/uploads\/2021\/11\/13-600x426.jpg 600w, https:\/\/irrecams.de\/wp-content\/uploads\/2021\/11\/13-300x213.jpg 300w, https:\/\/irrecams.de\/wp-content\/uploads\/2021\/11\/13-768x545.jpg 768w, https:\/\/irrecams.de\/wp-content\/uploads\/2021\/11\/13-18x12.jpg 18w, https:\/\/irrecams.de\/wp-content\/uploads\/2021\/11\/13-350x248.jpg 350w\" sizes=\"auto, (max-width: 999px) 100vw, 999px\" \/><\/a><\/figure><\/li><\/ul><\/figure>\n\n\n\n<p>Formato: DIN A3 (29,7 \u00d7 42 cm)<br>Calidad: papel mate de 250 g, 100 % reciclado de papel usado<br>Tama\u00f1o: 14 hojas m\u00e1s cart\u00f3n soporte de 300 g\/m\u00b2.<br>Para colgar: Anilla de alambre, alambre pintado de blanco.<\/p>","protected":false},"excerpt":{"rendered":"<p>Der Kalender \u201eWildes R\u00fcgen 2022\u201c zeigt die Natur der gr\u00f6\u00dften Insel Deutschlands in ganz besonderem Licht. Von der Kreidek\u00fcste an der Ostsee, \u00fcber die Wiesen und W\u00e4lder der zentralen Insel hin zu den besonderen Naturr\u00e4umen an der Boddenk\u00fcste f\u00fchrt der Kalender durch das Jahr. Auf 12 abwechslungsreichen Kalenderbl\u00e4ttern sind besondere Naturr\u00e4ume, Naturschauspiele und kleine Details [&hellip;]<\/p>\n","protected":false},"author":1,"featured_media":7625,"comment_status":"closed","ping_status":"closed","sticky":false,"template":"","format":"standard","meta":{"footnotes":""},"categories":[3],"tags":[],"class_list":["post-7621","post","type-post","status-publish","format-standard","has-post-thumbnail","hentry","category-blog"],"_links":{"self":[{"href":"https:\/\/irrecams.de\/es\/wp-json\/wp\/v2\/posts\/7621","targetHints":{"allow":["GET"]}}],"collection":[{"href":"https:\/\/irrecams.de\/es\/wp-json\/wp\/v2\/posts"}],"about":[{"href":"https:\/\/irrecams.de\/es\/wp-json\/wp\/v2\/types\/post"}],"author":[{"embeddable":true,"href":"https:\/\/irrecams.de\/es\/wp-json\/wp\/v2\/users\/1"}],"replies":[{"embeddable":true,"href":"https:\/\/irrecams.de\/es\/wp-json\/wp\/v2\/comments?post=7621"}],"version-history":[{"count":2,"href":"https:\/\/irrecams.de\/es\/wp-json\/wp\/v2\/posts\/7621\/revisions"}],"predecessor-version":[{"id":7624,"href":"https:\/\/irrecams.de\/es\/wp-json\/wp\/v2\/posts\/7621\/revisions\/7624"}],"wp:featuredmedia":[{"embeddable":true,"href":"https:\/\/irrecams.de\/es\/wp-json\/wp\/v2\/media\/7625"}],"wp:attachment":[{"href":"https:\/\/irrecams.de\/es\/wp-json\/wp\/v2\/media?parent=7621"}],"wp:term":[{"taxonomy":"category","embeddable":true,"href":"https:\/\/irrecams.de\/es\/wp-json\/wp\/v2\/categories?post=7621"},{"taxonomy":"post_tag","embeddable":true,"href":"https:\/\/irrecams.de\/es\/wp-json\/wp\/v2\/tags?post=7621"}],"curies":[{"name":"wp","href":"https:\/\/api.w.org\/{rel}","templated":true}]}}