{"id":2767,"date":"2018-05-23T20:33:28","date_gmt":"2018-05-23T18:33:28","guid":{"rendered":"https:\/\/www.irrecams.de\/?p=2767"},"modified":"2018-05-23T20:45:03","modified_gmt":"2018-05-23T18:45:03","slug":"rapport-datelier","status":"publish","type":"post","link":"https:\/\/irrecams.de\/fr\/blog\/2018\/rapport-datelier\/","title":{"rendered":"Rapport de l'atelier"},"content":{"rendered":"<p><a href=\"https:\/\/www.irrecams.de\/wp-content\/uploads\/2018\/05\/SAM_7499.jpg\"><img loading=\"lazy\" decoding=\"async\" src=\"https:\/\/www.irrecams.de\/wp-content\/uploads\/2018\/05\/SAM_7499.jpg\" alt=\"\" width=\"960\" height=\"641\" class=\"aligncenter size-full wp-image-2769\" srcset=\"https:\/\/irrecams.de\/wp-content\/uploads\/2018\/05\/SAM_7499.jpg 960w, https:\/\/irrecams.de\/wp-content\/uploads\/2018\/05\/SAM_7499-600x401.jpg 600w, https:\/\/irrecams.de\/wp-content\/uploads\/2018\/05\/SAM_7499-300x200.jpg 300w, https:\/\/irrecams.de\/wp-content\/uploads\/2018\/05\/SAM_7499-768x513.jpg 768w, https:\/\/irrecams.de\/wp-content\/uploads\/2018\/05\/SAM_7499-350x234.jpg 350w\" sizes=\"auto, (max-width: 960px) 100vw, 960px\" \/><\/a><\/p>\n<p>Une grande \u00eele, 3 jours de programme, 7 lieux et beaucoup de plaisir. Le premier \u00e9v\u00e9nement que j'ai organis\u00e9 a eu lieu \u00e0 P\u00e2ques sur l'\u00eele de R\u00fcgen. <a href=\"https:\/\/irrecams.de\/fr\/workshops\/\">Atelier infrarouge<\/a> a eu lieu par un temps chaud et ensoleill\u00e9 et avec des personnes tr\u00e8s sympathiques ! <\/p>\n<p>Dans un petit groupe de 10 personnes, nous nous sommes pench\u00e9s sur les aspects techniques et pratiques de la photographie infrarouge. Bien entendu, le post-traitement des images sp\u00e9cifique \u00e0 l'infrarouge n'a pas \u00e9t\u00e9 oubli\u00e9. Sur l'\u00eele de R\u00fcgen, nous avons photographi\u00e9 des motifs vari\u00e9s tels que les c\u00f4tes de craie, l'architecture des bains et les paysages du Bodden. Tous les participants ont pu ramener chez eux de nouvelles id\u00e9es et de nouveaux points de vue, auxquels se sont ajout\u00e9s de pr\u00e9cieux contacts avec des personnes partageant les m\u00eames id\u00e9es et, bien entendu, des cartes m\u00e9moire pleines \u00e0 craquer.<\/p>\n<p>J'ai pris beaucoup de plaisir \u00e0 expliquer le sujet et \u00e0 sortir avec les participants. C'est dommage que cela se soit pass\u00e9 si vite.<\/p>\n<p>Suite aux nombreux retours positifs, je vais continuer \u00e0 organiser des ateliers \u00e0 l'avenir. Vous recevrez d'abord des informations d\u00e9taill\u00e9es \u00e0 ce sujet dans ma liste de diffusion \u00e9lectronique. Alors <a href=\"https:\/\/irrecams.de\/fr\/contact\/\">m'\u00e9crit bri\u00e8vement<\/a>Si vous souhaitez \u00eatre les premiers \u00e0 recevoir des informations sur les nouveaux ateliers, n'h\u00e9sitez pas \u00e0 nous contacter !<\/p>","protected":false},"excerpt":{"rendered":"<p>Eine gro\u00dfe Insel, 3 Tage Programm, 7 Locations und ganz viel Spa\u00df. \u00dcber Pfignsten fand auf der Insel R\u00fcgen der erste von mir durchgef\u00fchrte Infrarot Workshop bei sonnig-warmem Wetter und mit sehr sympathischen Menschen statt! Wir haben uns in einer kleinen Gruppe von 10 Leuten sowohl mit technischen als auch praktischen Aspekten der Infrarot Fotografie [&hellip;]<\/p>\n","protected":false},"author":1,"featured_media":0,"comment_status":"closed","ping_status":"closed","sticky":false,"template":"","format":"standard","meta":{"footnotes":""},"categories":[3],"tags":[],"class_list":["post-2767","post","type-post","status-publish","format-standard","hentry","category-blog"],"_links":{"self":[{"href":"https:\/\/irrecams.de\/fr\/wp-json\/wp\/v2\/posts\/2767","targetHints":{"allow":["GET"]}}],"collection":[{"href":"https:\/\/irrecams.de\/fr\/wp-json\/wp\/v2\/posts"}],"about":[{"href":"https:\/\/irrecams.de\/fr\/wp-json\/wp\/v2\/types\/post"}],"author":[{"embeddable":true,"href":"https:\/\/irrecams.de\/fr\/wp-json\/wp\/v2\/users\/1"}],"replies":[{"embeddable":true,"href":"https:\/\/irrecams.de\/fr\/wp-json\/wp\/v2\/comments?post=2767"}],"version-history":[{"count":2,"href":"https:\/\/irrecams.de\/fr\/wp-json\/wp\/v2\/posts\/2767\/revisions"}],"predecessor-version":[{"id":2777,"href":"https:\/\/irrecams.de\/fr\/wp-json\/wp\/v2\/posts\/2767\/revisions\/2777"}],"wp:attachment":[{"href":"https:\/\/irrecams.de\/fr\/wp-json\/wp\/v2\/media?parent=2767"}],"wp:term":[{"taxonomy":"category","embeddable":true,"href":"https:\/\/irrecams.de\/fr\/wp-json\/wp\/v2\/categories?post=2767"},{"taxonomy":"post_tag","embeddable":true,"href":"https:\/\/irrecams.de\/fr\/wp-json\/wp\/v2\/tags?post=2767"}],"curies":[{"name":"wp","href":"https:\/\/api.w.org\/{rel}","templated":true}]}}