{"id":4265,"date":"2019-09-19T17:17:56","date_gmt":"2019-09-19T15:17:56","guid":{"rendered":"https:\/\/www.irrecams.de\/?p=4265"},"modified":"2021-01-14T14:14:57","modified_gmt":"2021-01-14T13:14:57","slug":"exposition-et-conference-a-zingst","status":"publish","type":"post","link":"https:\/\/irrecams.de\/fr\/blog\/2019\/exposition-et-conference-a-zingst\/","title":{"rendered":"Exposition et conf\u00e9rence \u00e0 Zingst"},"content":{"rendered":"<p>Mon exposition \"Heimat - im besonderen Licht\" est ouverte \u00e0 partir du 1er octobre 2019 au <a rel=\"noreferrer noopener\" aria-label=\"Hotel Vier Jahreszeiten \u00e0 Zingst (s&#039;ouvre dans un nouvel onglet)\" href=\"https:\/\/www.zingst.de\/de\/veranstaltungen\/heimat-im-besonderen-licht\" target=\"_blank\">H\u00f4tel Vier Jahreszeiten \u00e0 Zingst<\/a> \u00e0 voir sur place. L'exposition pr\u00e9sente un \u00e9chantillon color\u00e9 de th\u00e8mes photographiques li\u00e9s \u00e0 la nature.  Des plantes aux insectes et aux animaux, en passant par les paysages et les photos d'\u00e9toiles, un large \u00e9ventail de genres est repr\u00e9sent\u00e9. Les 31 photos ont en commun d'avoir \u00e9t\u00e9 prises dans le Mecklembourg-Pom\u00e9ranie occidentale. Les photos seront visibles jusqu'au 20 f\u00e9vrier 2020.<\/p>\n\n\n\n<!--more-->\n\n\n\n<figure class=\"wp-block-gallery columns-1 is-cropped wp-block-gallery-1 is-layout-flex wp-block-gallery-is-layout-flex\"><ul class=\"blocks-gallery-grid\"><li class=\"blocks-gallery-item\"><figure><a href=\"https:\/\/irrecams.de\/wp-content\/uploads\/2019\/09\/K3_00982.jpg\"><img loading=\"lazy\" decoding=\"async\" width=\"999\" height=\"665\" src=\"https:\/\/irrecams.de\/wp-content\/uploads\/2019\/09\/K3_00982.jpg\" alt=\"\" data-id=\"4266\" data-full-url=\"https:\/\/irrecams.de\/wp-content\/uploads\/2019\/09\/K3_00982.jpg\" data-link=\"https:\/\/irrecams.de\/blog\/2019\/09\/ausstellung-und-vortrag-in-zingst\/attachment\/kranich-grus-grus\/\" class=\"wp-image-4266\" srcset=\"https:\/\/irrecams.de\/wp-content\/uploads\/2019\/09\/K3_00982.jpg 999w, https:\/\/irrecams.de\/wp-content\/uploads\/2019\/09\/K3_00982-600x399.jpg 600w, https:\/\/irrecams.de\/wp-content\/uploads\/2019\/09\/K3_00982-300x200.jpg 300w, https:\/\/irrecams.de\/wp-content\/uploads\/2019\/09\/K3_00982-768x511.jpg 768w, https:\/\/irrecams.de\/wp-content\/uploads\/2019\/09\/K3_00982-350x233.jpg 350w\" sizes=\"auto, (max-width: 999px) 100vw, 999px\" \/><\/a><\/figure><\/li><\/ul><\/figure>\n\n\n\n<p>\u00c0 l'occasion de la \"Journ\u00e9e du livre photo\" \u00e0 Zingst, je tiendrai une conf\u00e9rence d\u00e9contract\u00e9e avec deux autres photographes \u00e0 la maison Max H\u00fcnten \u00e0 Zingst. Chaque photographe pr\u00e9sentera une nouvelle \u0153uvre et parlera un peu de son travail. J'y pr\u00e9senterai mon calendrier de R\u00fcgen, qui pourra bient\u00f4t \u00eatre command\u00e9. L'entr\u00e9e \u00e0 la Journ\u00e9e du livre photo est gratuite et je serais ravie de vous rencontrer le 02.10. \u00e0 11 heures \u00e0 Zingst !<\/p>","protected":false},"excerpt":{"rendered":"<p>Meine Ausstellung &#8220;Heimat &#8211; im besonderen Licht&#8221; ist ab dem 1. Oktober 2019 im Hotel Vier Jahreszeiten in Zingst zu sehen. Die Ausstellung zeigt einen bunten Querschnitt aus naturfotografischen Themen. Von Pflanzen \u00fcber Insekten und Tieren hin zu Landschaften und Sternenaufnahmen ist ein breites Spektrum an Genres vertreten. Gemeinsam haben alle 31 Bilder, dass sie [&hellip;]<\/p>\n","protected":false},"author":1,"featured_media":4266,"comment_status":"closed","ping_status":"closed","sticky":false,"template":"","format":"standard","meta":{"footnotes":""},"categories":[3],"tags":[],"class_list":["post-4265","post","type-post","status-publish","format-standard","has-post-thumbnail","hentry","category-blog"],"_links":{"self":[{"href":"https:\/\/irrecams.de\/fr\/wp-json\/wp\/v2\/posts\/4265","targetHints":{"allow":["GET"]}}],"collection":[{"href":"https:\/\/irrecams.de\/fr\/wp-json\/wp\/v2\/posts"}],"about":[{"href":"https:\/\/irrecams.de\/fr\/wp-json\/wp\/v2\/types\/post"}],"author":[{"embeddable":true,"href":"https:\/\/irrecams.de\/fr\/wp-json\/wp\/v2\/users\/1"}],"replies":[{"embeddable":true,"href":"https:\/\/irrecams.de\/fr\/wp-json\/wp\/v2\/comments?post=4265"}],"version-history":[{"count":2,"href":"https:\/\/irrecams.de\/fr\/wp-json\/wp\/v2\/posts\/4265\/revisions"}],"predecessor-version":[{"id":6204,"href":"https:\/\/irrecams.de\/fr\/wp-json\/wp\/v2\/posts\/4265\/revisions\/6204"}],"wp:featuredmedia":[{"embeddable":true,"href":"https:\/\/irrecams.de\/fr\/wp-json\/wp\/v2\/media\/4266"}],"wp:attachment":[{"href":"https:\/\/irrecams.de\/fr\/wp-json\/wp\/v2\/media?parent=4265"}],"wp:term":[{"taxonomy":"category","embeddable":true,"href":"https:\/\/irrecams.de\/fr\/wp-json\/wp\/v2\/categories?post=4265"},{"taxonomy":"post_tag","embeddable":true,"href":"https:\/\/irrecams.de\/fr\/wp-json\/wp\/v2\/tags?post=4265"}],"curies":[{"name":"wp","href":"https:\/\/api.w.org\/{rel}","templated":true}]}}