{"id":7245,"date":"2021-07-13T15:27:59","date_gmt":"2021-07-13T13:27:59","guid":{"rendered":"https:\/\/irrecams.de\/?p=7245"},"modified":"2021-07-13T15:44:35","modified_gmt":"2021-07-13T13:44:35","slug":"webinaire-infrarouge-gratuit","status":"publish","type":"post","link":"https:\/\/irrecams.de\/fr\/blog\/2021\/webinaire-infrarouge-gratuit\/","title":{"rendered":"Webinaire infrarouge gratuit"},"content":{"rendered":"<p>J'ai le plaisir d'organiser le 27 juillet \u00e0 19h un webinaire sur le th\u00e8me <a href=\"https:\/\/irrecams.de\/fr\/photographie-infrarouge\/\" data-type=\"page\" data-id=\"28\">Photographie infrarouge<\/a> de pouvoir donner des cours. Le s\u00e9minaire en ligne est organis\u00e9 par <a href=\"https:\/\/www.fuji-store.de\" target=\"_blank\" rel=\"noreferrer noopener\">Fuji-Store.fr<\/a> \u00e0 Nuremberg et tout le monde peut s'inscrire. <a href=\"https:\/\/www.fuji-store.de\/p\/online-workshop-am-27-07-2021-oder-infrarot-fotografie-mit-fuji-x-kameras-mit-irrecams\" target=\"_blank\" rel=\"noreferrer noopener\">s'inscrire gratuitement<\/a>. Le s\u00e9minaire ne s'adresse pas exclusivement aux photographes Fuji et est int\u00e9ressant pour les d\u00e9butants infrarouges de toutes les marques d'appareils photo.<\/p>\n\n\n\n<!--more-->\n\n\n\n<p>Le s\u00e9minaire en ligne est interactif et il est possible de poser des questions. Je me r\u00e9jouis d'une participation active, le mieux est de vous inscrire tout de suite pour ne pas le manquer !<\/p>\n\n\n\n<div class=\"wp-block-buttons is-content-justification-center is-layout-flex wp-block-buttons-is-layout-flex\">\n<div class=\"wp-block-button has-custom-width wp-block-button__width-50\"><a class=\"wp-block-button__link has-vivid-red-background-color has-background\" href=\"https:\/\/www.fuji-store.de\/p\/online-workshop-am-27-07-2021-oder-infrarot-fotografie-mit-fuji-x-kameras-mit-irrecams\" style=\"border-radius:5px\" target=\"_blank\" rel=\"noreferrer noopener\">S'inscrire maintenant<\/a><\/div>\n<\/div>\n\n\n\n<p><\/p>","protected":false},"excerpt":{"rendered":"<p>J'ai le plaisir d'organiser un webinaire sur le th\u00e8me de la photographie infrarouge le 27 juillet \u00e0 19 heures. Le s\u00e9minaire en ligne est organis\u00e9 par Fuji-Store.de \u00e0 Nuremberg et tout le monde peut s'y inscrire gratuitement. Le s\u00e9minaire ne s'adresse pas exclusivement aux photographes Fuji et est int\u00e9ressant pour les d\u00e9butants en infrarouge de toutes les marques d'appareils photo.<\/p>","protected":false},"author":1,"featured_media":7247,"comment_status":"closed","ping_status":"closed","sticky":false,"template":"","format":"standard","meta":{"footnotes":""},"categories":[3],"tags":[],"class_list":["post-7245","post","type-post","status-publish","format-standard","has-post-thumbnail","hentry","category-blog"],"_links":{"self":[{"href":"https:\/\/irrecams.de\/fr\/wp-json\/wp\/v2\/posts\/7245","targetHints":{"allow":["GET"]}}],"collection":[{"href":"https:\/\/irrecams.de\/fr\/wp-json\/wp\/v2\/posts"}],"about":[{"href":"https:\/\/irrecams.de\/fr\/wp-json\/wp\/v2\/types\/post"}],"author":[{"embeddable":true,"href":"https:\/\/irrecams.de\/fr\/wp-json\/wp\/v2\/users\/1"}],"replies":[{"embeddable":true,"href":"https:\/\/irrecams.de\/fr\/wp-json\/wp\/v2\/comments?post=7245"}],"version-history":[{"count":2,"href":"https:\/\/irrecams.de\/fr\/wp-json\/wp\/v2\/posts\/7245\/revisions"}],"predecessor-version":[{"id":7253,"href":"https:\/\/irrecams.de\/fr\/wp-json\/wp\/v2\/posts\/7245\/revisions\/7253"}],"wp:featuredmedia":[{"embeddable":true,"href":"https:\/\/irrecams.de\/fr\/wp-json\/wp\/v2\/media\/7247"}],"wp:attachment":[{"href":"https:\/\/irrecams.de\/fr\/wp-json\/wp\/v2\/media?parent=7245"}],"wp:term":[{"taxonomy":"category","embeddable":true,"href":"https:\/\/irrecams.de\/fr\/wp-json\/wp\/v2\/categories?post=7245"},{"taxonomy":"post_tag","embeddable":true,"href":"https:\/\/irrecams.de\/fr\/wp-json\/wp\/v2\/tags?post=7245"}],"curies":[{"name":"wp","href":"https:\/\/api.w.org\/{rel}","templated":true}]}}