{"id":7348,"date":"2021-08-22T15:21:07","date_gmt":"2021-08-22T13:21:07","guid":{"rendered":"https:\/\/irrecams.de\/?p=7348"},"modified":"2021-08-22T15:21:09","modified_gmt":"2021-08-22T13:21:09","slug":"ep-36-safiental-en-infrarouge-traitement-dimage-noir-et-blanc-avec-filtre-700-nm","status":"publish","type":"post","link":"https:\/\/irrecams.de\/fr\/blog\/2021\/ep-36-safiental-en-infrarouge-traitement-dimage-noir-et-blanc-avec-filtre-700-nm\/","title":{"rendered":"Ep. 36 : Safiental en infrarouge - traitement d'image noir et blanc avec un filtre de 700 nm"},"content":{"rendered":"<p>Avec le <a href=\"https:\/\/irrecams.de\/fr\/comparaison-des-filtres-a-effet-infrarouge\/#700\">Filtre 700 nm<\/a> permet de photographier aussi bien en noir et blanc qu'en couleur infrarouge. L'information couleur peut \u00e9galement \u00eatre utilis\u00e9e pour avoir un contr\u00f4le maximal sur une image en noir et blanc. Dans ce tutoriel, vous d\u00e9couvrirez comment cela fonctionne avec darktable. Un grand merci \u00e0 Gion-Andri Derungs pour ce magnifique sc\u00e9nario alpin de la vall\u00e9e de Safien en Suisse !<\/p>\n\n\n\n<!--more-->\n\n\n\n\n\n\n\n\n\n\n\n<p>Je me r\u00e9jouis de recevoir \u00e0 l'avenir aussi vos photos que je peux traiter. N'h\u00e9sitez pas \u00e0 m'\u00e9crire si vous avez une photo \u00e0 traiter !<\/p>\n\n\n\n<p id=\"block-3df07ef1-f6b9-46c0-b7dc-a3933742b12a\">Sur YouTube :<br><a rel=\"noreferrer noopener\" class=\"rank-math-link\" href=\"https:\/\/www.youtube.com\/c\/IRreCams\" target=\"_blank\">https:\/\/www.youtube.com\/c\/IRreCams<\/a><\/p>\n\n\n\n<p id=\"block-0684dcd5-e10c-4409-8ed3-1dd39a9bbac6\">En savoir plus sur darktable :<br><a rel=\"noreferrer noopener\" href=\"https:\/\/www.darktable.org\" target=\"_blank\" class=\"rank-math-link\">https:\/\/www.darktable.org<\/a><\/p>","protected":false},"excerpt":{"rendered":"<p>Mit dem 700 nm Filter kann man sowohl Schwarz-Wei\u00df als auch Farb-Infrarot Aufnahmen fotografieren. Die Farbinformation kann man aber auch benutzen um maximale Kontrolle \u00fcber ein Schwarz-Wei\u00df Bild zu haben. Wie das mit darktable ganz einfach funktioniert erfahrt ihr in diesem Tutorial. Vielen Dank schon einmal an Gion-Andri Derungs f\u00fcr dieses wundersch\u00f6ne Alpenszenario aus dem [&hellip;]<\/p>\n","protected":false},"author":1,"featured_media":7349,"comment_status":"closed","ping_status":"closed","sticky":false,"template":"","format":"standard","meta":{"footnotes":""},"categories":[3,287],"tags":[384,294,452,490,491,451,473,489,295,296,290,622,288,623,289],"class_list":["post-7348","post","type-post","status-publish","format-standard","has-post-thumbnail","hentry","category-blog","category-videos","tag-700nm","tag-bildbearbeitung","tag-blackandwhite","tag-blackandwhitinfrared","tag-bwinfrared","tag-bwir","tag-darktable","tag-howto","tag-infrared","tag-infrarot","tag-irrecams","tag-safiental","tag-screencast","tag-switzerland","tag-tutorial"],"_links":{"self":[{"href":"https:\/\/irrecams.de\/fr\/wp-json\/wp\/v2\/posts\/7348","targetHints":{"allow":["GET"]}}],"collection":[{"href":"https:\/\/irrecams.de\/fr\/wp-json\/wp\/v2\/posts"}],"about":[{"href":"https:\/\/irrecams.de\/fr\/wp-json\/wp\/v2\/types\/post"}],"author":[{"embeddable":true,"href":"https:\/\/irrecams.de\/fr\/wp-json\/wp\/v2\/users\/1"}],"replies":[{"embeddable":true,"href":"https:\/\/irrecams.de\/fr\/wp-json\/wp\/v2\/comments?post=7348"}],"version-history":[{"count":2,"href":"https:\/\/irrecams.de\/fr\/wp-json\/wp\/v2\/posts\/7348\/revisions"}],"predecessor-version":[{"id":7351,"href":"https:\/\/irrecams.de\/fr\/wp-json\/wp\/v2\/posts\/7348\/revisions\/7351"}],"wp:featuredmedia":[{"embeddable":true,"href":"https:\/\/irrecams.de\/fr\/wp-json\/wp\/v2\/media\/7349"}],"wp:attachment":[{"href":"https:\/\/irrecams.de\/fr\/wp-json\/wp\/v2\/media?parent=7348"}],"wp:term":[{"taxonomy":"category","embeddable":true,"href":"https:\/\/irrecams.de\/fr\/wp-json\/wp\/v2\/categories?post=7348"},{"taxonomy":"post_tag","embeddable":true,"href":"https:\/\/irrecams.de\/fr\/wp-json\/wp\/v2\/tags?post=7348"}],"curies":[{"name":"wp","href":"https:\/\/api.w.org\/{rel}","templated":true}]}}