{"id":7402,"date":"2021-09-05T13:52:46","date_gmt":"2021-09-05T11:52:46","guid":{"rendered":"https:\/\/irrecams.de\/?p=7402"},"modified":"2021-09-05T13:52:49","modified_gmt":"2021-09-05T11:52:49","slug":"ep-37-bassin-de-roses-de-bassin-en-colokey-infrarouge-avec-filtre-700-nm","status":"publish","type":"post","link":"https:\/\/irrecams.de\/fr\/blog\/2021\/ep-37-bassin-de-roses-de-bassin-en-colokey-infrarouge-avec-filtre-700-nm\/","title":{"rendered":"Ep. 37 : Bassin de roses de bassin en infrarouge - Colokey avec filtre 700 nm"},"content":{"rendered":"<p>Une <a href=\"https:\/\/irrecams.de\/fr\/galerie-infrarouge\/colorkey\/\" data-type=\"page\" data-id=\"3845\">Colorkey<\/a> Le traitement infrarouge, c'est-\u00e0-dire le ciel bleu et le paysage monochrome, ne perd jamais son charme. Ce traitement est possible avec n'importe quel filtre infrarouge qui permet \u00e9galement un traitement des couleurs. L'\u00e9dition de la couleur en elle-m\u00eame est tr\u00e8s rapide et facile \u00e0 r\u00e9aliser avec darktable. Un grand merci \u00e0 Marion Reibetanz pour la mise \u00e0 disposition de cette photo prise dans le Vorgebirgspark de Cologne !<\/p>\n\n\n\n<!--more-->\n\n\n\n\n\n\n\n\n\n\n\n<p>Je me r\u00e9jouis de recevoir \u00e0 l'avenir aussi vos photos que je peux traiter. N'h\u00e9sitez pas \u00e0 m'\u00e9crire si vous avez une photo \u00e0 traiter !<\/p>\n\n\n\n<p id=\"block-3df07ef1-f6b9-46c0-b7dc-a3933742b12a\">Sur YouTube :<br><a rel=\"noreferrer noopener\" class=\"rank-math-link\" href=\"https:\/\/www.youtube.com\/c\/IRreCams\" target=\"_blank\">https:\/\/www.youtube.com\/c\/IRreCams<\/a><\/p>\n\n\n\n<p id=\"block-0684dcd5-e10c-4409-8ed3-1dd39a9bbac6\">En savoir plus sur darktable :<br><a rel=\"noreferrer noopener\" href=\"https:\/\/www.darktable.org\" target=\"_blank\" class=\"rank-math-link\">https:\/\/www.darktable.org<\/a><\/p>","protected":false},"excerpt":{"rendered":"<p>Eine Colorkey Infrarot Bearbeitung, also blauer Himmel und Monochrome Landschaft, verliert einfach nie seinen Reiz. M\u00f6glich ist diese Bearbeitung mit jedem Infrarot Filter mit dem auch eine Farb Bearbeitung m\u00f6glich ist. Die Colorkey Bearbeitung an sich ist mit darktable ganz schnell und unkompliziert gemacht. Vielen Dank an Marion Reibetanz f\u00fcr die Bereitstellung des Fotos aus [&hellip;]<\/p>\n","protected":false},"author":1,"featured_media":7403,"comment_status":"closed","ping_status":"closed","sticky":false,"template":"","format":"standard","meta":{"footnotes":""},"categories":[3,287],"tags":[384,294,490,451,608,385,473,632,489,295,296,290,630,629,288,289,631],"class_list":["post-7402","post","type-post","status-publish","format-standard","has-post-thumbnail","hentry","category-blog","category-videos","tag-700nm","tag-bildbearbeitung","tag-blackandwhitinfrared","tag-bwir","tag-color-ir","tag-colorkey","tag-darktable","tag-germany","tag-howto","tag-infrared","tag-infrarot","tag-irrecams","tag-koeln-2","tag-koeln","tag-screencast","tag-tutorial","tag-vorgebirgspark"],"_links":{"self":[{"href":"https:\/\/irrecams.de\/fr\/wp-json\/wp\/v2\/posts\/7402","targetHints":{"allow":["GET"]}}],"collection":[{"href":"https:\/\/irrecams.de\/fr\/wp-json\/wp\/v2\/posts"}],"about":[{"href":"https:\/\/irrecams.de\/fr\/wp-json\/wp\/v2\/types\/post"}],"author":[{"embeddable":true,"href":"https:\/\/irrecams.de\/fr\/wp-json\/wp\/v2\/users\/1"}],"replies":[{"embeddable":true,"href":"https:\/\/irrecams.de\/fr\/wp-json\/wp\/v2\/comments?post=7402"}],"version-history":[{"count":1,"href":"https:\/\/irrecams.de\/fr\/wp-json\/wp\/v2\/posts\/7402\/revisions"}],"predecessor-version":[{"id":7405,"href":"https:\/\/irrecams.de\/fr\/wp-json\/wp\/v2\/posts\/7402\/revisions\/7405"}],"wp:featuredmedia":[{"embeddable":true,"href":"https:\/\/irrecams.de\/fr\/wp-json\/wp\/v2\/media\/7403"}],"wp:attachment":[{"href":"https:\/\/irrecams.de\/fr\/wp-json\/wp\/v2\/media?parent=7402"}],"wp:term":[{"taxonomy":"category","embeddable":true,"href":"https:\/\/irrecams.de\/fr\/wp-json\/wp\/v2\/categories?post=7402"},{"taxonomy":"post_tag","embeddable":true,"href":"https:\/\/irrecams.de\/fr\/wp-json\/wp\/v2\/tags?post=7402"}],"curies":[{"name":"wp","href":"https:\/\/api.w.org\/{rel}","templated":true}]}}