{"id":7522,"date":"2021-11-04T07:36:51","date_gmt":"2021-11-04T06:36:51","guid":{"rendered":"https:\/\/irrecams.de\/?p=7522"},"modified":"2021-11-04T09:01:15","modified_gmt":"2021-11-04T08:01:15","slug":"nebuleuse-deep-space-et-cygnus-avec-une-camera-astronomique","status":"publish","type":"post","link":"https:\/\/irrecams.de\/fr\/blog\/2021\/nebuleuse-deep-space-et-cygnus-avec-une-camera-astronomique\/","title":{"rendered":"Espace profond et n\u00e9buleuse Cygnus"},"content":{"rendered":"<p class=\"has-small-font-size\">Une contribution de David Hajnal<\/p>\n\n\n\n<p><\/p>\n\n\n\n<p>Gr\u00e2ce \u00e0 un <a href=\"https:\/\/irrecams.de\/fr\/filtre-astro-photographier-les-etoiles-de-nuit-avec-des-appareils-photo-modifies\/\">Transformation de l'astro<\/a> et une sensibilit\u00e9 au rouge \u00e9tendue, il est possible de prendre des photos tr\u00e8s particuli\u00e8res la nuit. Il n'est pas n\u00e9cessaire d'avoir un t\u00e9lescope, comme <a href=\"https:\/\/500px.com\/p\/davidhajnal?view=photos\" target=\"_blank\" rel=\"noreferrer noopener\">David Hajnal<\/a> montre de mani\u00e8re impressionnante. Il a point\u00e9 son Sony A7 modifi\u00e9 pour l'astrom\u00e9trie (filtre Astronomik L2) avec 75 mm ou 135 mm sur la constellation Cygnus et a pris ces images impressionnantes.<\/p>\n\n\n\n<!--more-->\n\n\n\n<figure class=\"wp-block-image size-large\"><a href=\"https:\/\/irrecams.de\/wp-content\/uploads\/2021\/11\/nebulae_deneb_hajnal.jpg\"><img loading=\"lazy\" decoding=\"async\" width=\"1024\" height=\"682\" src=\"https:\/\/irrecams.de\/wp-content\/uploads\/2021\/11\/nebulae_deneb_hajnal-1024x682.jpg\" alt=\"Cygnus et Deneb - David Hajnal\" class=\"wp-image-7525\" srcset=\"https:\/\/irrecams.de\/wp-content\/uploads\/2021\/11\/nebulae_deneb_hajnal-1024x682.jpg 1024w, https:\/\/irrecams.de\/wp-content\/uploads\/2021\/11\/nebulae_deneb_hajnal-600x400.jpg 600w, https:\/\/irrecams.de\/wp-content\/uploads\/2021\/11\/nebulae_deneb_hajnal-300x200.jpg 300w, https:\/\/irrecams.de\/wp-content\/uploads\/2021\/11\/nebulae_deneb_hajnal-768x512.jpg 768w, https:\/\/irrecams.de\/wp-content\/uploads\/2021\/11\/nebulae_deneb_hajnal-1536x1024.jpg 1536w, https:\/\/irrecams.de\/wp-content\/uploads\/2021\/11\/nebulae_deneb_hajnal-18x12.jpg 18w, https:\/\/irrecams.de\/wp-content\/uploads\/2021\/11\/nebulae_deneb_hajnal-350x233.jpg 350w, https:\/\/irrecams.de\/wp-content\/uploads\/2021\/11\/nebulae_deneb_hajnal.jpg 2000w\" sizes=\"auto, (max-width: 1024px) 100vw, 1024px\" \/><\/a><figcaption>Cygnus et Deneb - David Hajnal<\/figcaption><\/figure>\n\n\n\n<p>Sur l'image de couverture, on peut voir la n\u00e9buleuse nord-am\u00e9ricaine dans la constellation Cygnus et l'\u00e9toile bleue brillante Deneb. Cette photo a \u00e9t\u00e9 prise avec un objectif Samyang 135mm F2 \u00e0 f\/4. 120 images individuelles ont \u00e9t\u00e9 prises, chacune avec un temps d'exposition de 30s \u00e0 ISO 640. En outre, un filtre NiSi Natural Night destin\u00e9 \u00e0 supprimer la pollution lumineuse \u00e9tait viss\u00e9 sur l'objectif, ainsi qu'un filtre Tiffen Double Fog 2. Ce diffuseur met en valeur les \u00e9toiles brillantes et leurs couleurs.<\/p>\n\n\n\n<p>L'image suivante a \u00e9t\u00e9 prise avec un Samyang AF 75mm F1.8 FE, att\u00e9nu\u00e9 \u00e0 F4. 110 images individuelles ont \u00e9t\u00e9 prises, chacune avec un temps d'exposition de 30 s \u00e0 ISO 640. Les filtres NiSi Natural Night et Tiffen Double Fog 2 ont \u00e9galement \u00e9t\u00e9 utilis\u00e9s \u00e0 nouveau.<\/p>\n\n\n\n<figure class=\"wp-block-image size-large\"><a href=\"https:\/\/irrecams.de\/wp-content\/uploads\/2021\/11\/072_nebulae_cygnus_hajnal.jpg\"><img loading=\"lazy\" decoding=\"async\" width=\"1024\" height=\"682\" src=\"https:\/\/irrecams.de\/wp-content\/uploads\/2021\/11\/072_nebulae_cygnus_hajnal-1024x682.jpg\" alt=\"\" class=\"wp-image-7524\" srcset=\"https:\/\/irrecams.de\/wp-content\/uploads\/2021\/11\/072_nebulae_cygnus_hajnal-1024x682.jpg 1024w, https:\/\/irrecams.de\/wp-content\/uploads\/2021\/11\/072_nebulae_cygnus_hajnal-600x400.jpg 600w, https:\/\/irrecams.de\/wp-content\/uploads\/2021\/11\/072_nebulae_cygnus_hajnal-300x200.jpg 300w, https:\/\/irrecams.de\/wp-content\/uploads\/2021\/11\/072_nebulae_cygnus_hajnal-768x512.jpg 768w, https:\/\/irrecams.de\/wp-content\/uploads\/2021\/11\/072_nebulae_cygnus_hajnal-1536x1024.jpg 1536w, https:\/\/irrecams.de\/wp-content\/uploads\/2021\/11\/072_nebulae_cygnus_hajnal-18x12.jpg 18w, https:\/\/irrecams.de\/wp-content\/uploads\/2021\/11\/072_nebulae_cygnus_hajnal-350x233.jpg 350w, https:\/\/irrecams.de\/wp-content\/uploads\/2021\/11\/072_nebulae_cygnus_hajnal.jpg 2000w\" sizes=\"auto, (max-width: 1024px) 100vw, 1024px\" \/><\/a><figcaption>Cygnus zone de brouillard - David Hajnal<\/figcaption><\/figure>\n\n\n\n<p>Afin d'\u00e9viter le maculage des \u00e9toiles lors d'une exposition de 30s, l'appareil photo a \u00e9t\u00e9 suivi \u00e0 l'aide d'une astromonture. Ainsi, le sujet reste immobile au centre de l'image pendant toute la dur\u00e9e de la prise de vue.<\/p>\n\n\n\n<p>D'ailleurs, les deux photos ont \u00e9t\u00e9 prises depuis mon propre balcon \u00e0 Mannheim. Les conditions d'\u00e9clairage \u00e9taient donc loin d'\u00eatre optimales dans l'obscurit\u00e9. Le r\u00e9sultat : \"Le fait que m\u00eame des parties de la brume du voile soient clairement visibles malgr\u00e9 la pollution lumineuse montre le grand potentiel de cet \u00e9quipement\" !<\/p>\n\n\n\n<p>D'autres superbes photos de David Hajnal sont <a href=\"https:\/\/500px.com\/p\/davidhajnal?view=photos\" target=\"_blank\" rel=\"noreferrer noopener\">\u00e0 trouver sur 500px<\/a>.<\/p>","protected":false},"excerpt":{"rendered":"<p>Un article de David Hajnal Gr\u00e2ce \u00e0 une transformation astro et \u00e0 une sensibilit\u00e9 au rouge \u00e9tendue, il est possible de prendre des photos tr\u00e8s particuli\u00e8res la nuit. Pour cela, il n'est pas n\u00e9cessaire d'avoir un t\u00e9lescope, comme le montre David Hajnal de mani\u00e8re impressionnante. Il a dirig\u00e9 son Sony A7 modifi\u00e9 pour l'astrom\u00e9trie (filtre Astronomik L2) avec 75 mm ou 135 mm sur la constellation Cygnus et a pris ces images impressionnantes.<\/p>","protected":false},"author":3,"featured_media":7525,"comment_status":"closed","ping_status":"closed","sticky":false,"template":"","format":"standard","meta":{"footnotes":""},"categories":[3,358],"tags":[],"class_list":["post-7522","post","type-post","status-publish","format-standard","has-post-thumbnail","hentry","category-blog","category-gast"],"_links":{"self":[{"href":"https:\/\/irrecams.de\/fr\/wp-json\/wp\/v2\/posts\/7522","targetHints":{"allow":["GET"]}}],"collection":[{"href":"https:\/\/irrecams.de\/fr\/wp-json\/wp\/v2\/posts"}],"about":[{"href":"https:\/\/irrecams.de\/fr\/wp-json\/wp\/v2\/types\/post"}],"author":[{"embeddable":true,"href":"https:\/\/irrecams.de\/fr\/wp-json\/wp\/v2\/users\/3"}],"replies":[{"embeddable":true,"href":"https:\/\/irrecams.de\/fr\/wp-json\/wp\/v2\/comments?post=7522"}],"version-history":[{"count":2,"href":"https:\/\/irrecams.de\/fr\/wp-json\/wp\/v2\/posts\/7522\/revisions"}],"predecessor-version":[{"id":7562,"href":"https:\/\/irrecams.de\/fr\/wp-json\/wp\/v2\/posts\/7522\/revisions\/7562"}],"wp:featuredmedia":[{"embeddable":true,"href":"https:\/\/irrecams.de\/fr\/wp-json\/wp\/v2\/media\/7525"}],"wp:attachment":[{"href":"https:\/\/irrecams.de\/fr\/wp-json\/wp\/v2\/media?parent=7522"}],"wp:term":[{"taxonomy":"category","embeddable":true,"href":"https:\/\/irrecams.de\/fr\/wp-json\/wp\/v2\/categories?post=7522"},{"taxonomy":"post_tag","embeddable":true,"href":"https:\/\/irrecams.de\/fr\/wp-json\/wp\/v2\/tags?post=7522"}],"curies":[{"name":"wp","href":"https:\/\/api.w.org\/{rel}","templated":true}]}}