{"id":9414,"date":"2023-03-02T15:28:45","date_gmt":"2023-03-02T14:28:45","guid":{"rendered":"https:\/\/irrecams.de\/?p=9414"},"modified":"2023-06-02T10:01:37","modified_gmt":"2023-06-02T08:01:37","slug":"insider-canon-eos-r7-demonte-et-desassemble","status":"publish","type":"post","link":"https:\/\/irrecams.de\/fr\/blog\/2023\/insider-canon-eos-r7-demonte-et-desassemble\/","title":{"rendered":"Insider : Canon EOS R7 d\u00e9mont\u00e9 et d\u00e9sassembl\u00e9"},"content":{"rendered":"<p>En mai 2022, Canon a pr\u00e9sent\u00e9 l'EOS R7, le premier appareil photo APS-C du syst\u00e8me R relativement r\u00e9cent. Le capteur de l'appareil photo poss\u00e8de une r\u00e9solution de 32,5 m\u00e9gapixels et est mont\u00e9 de mani\u00e8re mobile - le fabricant promet une stabilisation d'image en 7 \u00e9tapes. Sur la fiche technique, il s'agit d'un petit appareil photo tr\u00e8s performant, dot\u00e9 de nombreuses fonctions et d'une excellente ergonomie. Mais qu'en est-il sous le capot et surtout, dans quelle mesure est-il adapt\u00e9 \u00e0 la photographie infrarouge ?<\/p>\n\n\n\n<!--more-->\n\n\n\n<figure class=\"wp-block-pullquote\"><blockquote><p><strong>Important<\/strong>La modification de la cam\u00e9ra a \u00e9t\u00e9 effectu\u00e9e par des professionnels exp\u00e9riment\u00e9s, n'essayez pas de la reproduire chez vous. Cet article n'est pas un guide et ne fournit pas d'aide pour la modification de la cam\u00e9ra. Si vous d\u00e9cidez d'ouvrir votre cam\u00e9ra, IRreCams ne sera pas responsable des dommages ou probl\u00e8mes r\u00e9sultant de vos actions.<\/p><\/blockquote><\/figure>\n\n\n\n<figure class=\"wp-block-image size-large\"><a href=\"https:\/\/irrecams.de\/wp-content\/uploads\/2023\/03\/FXH20131.jpg\"><img loading=\"lazy\" decoding=\"async\" width=\"1024\" height=\"683\" src=\"https:\/\/irrecams.de\/wp-content\/uploads\/2023\/03\/FXH20131-1024x683.jpg\" alt=\"Canon EOS R7 - Vues Teardown\" class=\"wp-image-9388\" srcset=\"https:\/\/irrecams.de\/wp-content\/uploads\/2023\/03\/FXH20131-1024x683.jpg 1024w, https:\/\/irrecams.de\/wp-content\/uploads\/2023\/03\/FXH20131-600x400.jpg 600w, https:\/\/irrecams.de\/wp-content\/uploads\/2023\/03\/FXH20131-300x200.jpg 300w, https:\/\/irrecams.de\/wp-content\/uploads\/2023\/03\/FXH20131-768x512.jpg 768w, https:\/\/irrecams.de\/wp-content\/uploads\/2023\/03\/FXH20131-18x12.jpg 18w, https:\/\/irrecams.de\/wp-content\/uploads\/2023\/03\/FXH20131.jpg 1500w\" sizes=\"auto, (max-width: 1024px) 100vw, 1024px\" \/><\/a><figcaption class=\"wp-element-caption\">Canon EOS R7 - Teardown vue de face<\/figcaption><\/figure>\n\n\n\n<h2 class=\"wp-block-heading\">D\u00e9montage et d\u00e9sassemblage de la cam\u00e9ra<\/h2>\n\n\n\n<p>D'un point de vue ext\u00e9rieur, on d\u00e9couvre rapidement plusieurs vis sur le bo\u00eetier. Il faut d'abord les enlever.<\/p>\n\n\n\n<figure class=\"wp-block-gallery has-nested-images columns-2 is-cropped wp-block-gallery-1 is-layout-flex wp-block-gallery-is-layout-flex\">\n<figure class=\"wp-block-image size-large\"><a href=\"https:\/\/irrecams.de\/wp-content\/uploads\/2023\/03\/FXH20136.jpg\"><img loading=\"lazy\" decoding=\"async\" width=\"1024\" height=\"683\" data-id=\"9391\" src=\"https:\/\/irrecams.de\/wp-content\/uploads\/2023\/03\/FXH20136-1024x683.jpg\" alt=\"Canon EOS R7 - Teardown Sol\" class=\"wp-image-9391\" srcset=\"https:\/\/irrecams.de\/wp-content\/uploads\/2023\/03\/FXH20136-1024x683.jpg 1024w, https:\/\/irrecams.de\/wp-content\/uploads\/2023\/03\/FXH20136-600x400.jpg 600w, https:\/\/irrecams.de\/wp-content\/uploads\/2023\/03\/FXH20136-300x200.jpg 300w, https:\/\/irrecams.de\/wp-content\/uploads\/2023\/03\/FXH20136-768x512.jpg 768w, https:\/\/irrecams.de\/wp-content\/uploads\/2023\/03\/FXH20136-18x12.jpg 18w, https:\/\/irrecams.de\/wp-content\/uploads\/2023\/03\/FXH20136.jpg 1500w\" sizes=\"auto, (max-width: 1024px) 100vw, 1024px\" \/><\/a><figcaption class=\"wp-element-caption\">Canon EOS R7 - Teardown Sol<\/figcaption><\/figure>\n\n\n\n<figure class=\"wp-block-image size-large\"><a href=\"https:\/\/irrecams.de\/wp-content\/uploads\/2023\/03\/FXH20132.jpg\"><img loading=\"lazy\" decoding=\"async\" width=\"1024\" height=\"683\" data-id=\"9389\" src=\"https:\/\/irrecams.de\/wp-content\/uploads\/2023\/03\/FXH20132-1024x683.jpg\" alt=\"Canon EOS R7 - Vues Teardown\" class=\"wp-image-9389\" srcset=\"https:\/\/irrecams.de\/wp-content\/uploads\/2023\/03\/FXH20132-1024x683.jpg 1024w, https:\/\/irrecams.de\/wp-content\/uploads\/2023\/03\/FXH20132-600x400.jpg 600w, https:\/\/irrecams.de\/wp-content\/uploads\/2023\/03\/FXH20132-300x200.jpg 300w, https:\/\/irrecams.de\/wp-content\/uploads\/2023\/03\/FXH20132-768x512.jpg 768w, https:\/\/irrecams.de\/wp-content\/uploads\/2023\/03\/FXH20132-18x12.jpg 18w, https:\/\/irrecams.de\/wp-content\/uploads\/2023\/03\/FXH20132.jpg 1500w\" sizes=\"auto, (max-width: 1024px) 100vw, 1024px\" \/><\/a><figcaption class=\"wp-element-caption\">Canon EOS R7 - Vues Teardown<\/figcaption><\/figure>\n\n\n\n<figure class=\"wp-block-image size-large\"><a href=\"https:\/\/irrecams.de\/wp-content\/uploads\/2023\/03\/FXH20133.jpg\"><img loading=\"lazy\" decoding=\"async\" width=\"1024\" height=\"683\" data-id=\"9390\" src=\"https:\/\/irrecams.de\/wp-content\/uploads\/2023\/03\/FXH20133-1024x683.jpg\" alt=\"Canon EOS R7 - Vues Teardown\" class=\"wp-image-9390\" srcset=\"https:\/\/irrecams.de\/wp-content\/uploads\/2023\/03\/FXH20133-1024x683.jpg 1024w, https:\/\/irrecams.de\/wp-content\/uploads\/2023\/03\/FXH20133-600x400.jpg 600w, https:\/\/irrecams.de\/wp-content\/uploads\/2023\/03\/FXH20133-300x200.jpg 300w, https:\/\/irrecams.de\/wp-content\/uploads\/2023\/03\/FXH20133-768x512.jpg 768w, https:\/\/irrecams.de\/wp-content\/uploads\/2023\/03\/FXH20133-18x12.jpg 18w, https:\/\/irrecams.de\/wp-content\/uploads\/2023\/03\/FXH20133.jpg 1500w\" sizes=\"auto, (max-width: 1024px) 100vw, 1024px\" \/><\/a><figcaption class=\"wp-element-caption\">Canon EOS R7 - Vues Teardown<\/figcaption><\/figure>\n\n\n\n<figure class=\"wp-block-image size-large\"><a href=\"https:\/\/irrecams.de\/wp-content\/uploads\/2023\/03\/FXH20139.jpg\"><img loading=\"lazy\" decoding=\"async\" width=\"1024\" height=\"683\" data-id=\"9394\" src=\"https:\/\/irrecams.de\/wp-content\/uploads\/2023\/03\/FXH20139-1024x683.jpg\" alt=\"Canon EOS R7 - Teardown bo\u00eetier\" class=\"wp-image-9394\" srcset=\"https:\/\/irrecams.de\/wp-content\/uploads\/2023\/03\/FXH20139-1024x683.jpg 1024w, https:\/\/irrecams.de\/wp-content\/uploads\/2023\/03\/FXH20139-600x400.jpg 600w, https:\/\/irrecams.de\/wp-content\/uploads\/2023\/03\/FXH20139-300x200.jpg 300w, https:\/\/irrecams.de\/wp-content\/uploads\/2023\/03\/FXH20139-768x512.jpg 768w, https:\/\/irrecams.de\/wp-content\/uploads\/2023\/03\/FXH20139-18x12.jpg 18w, https:\/\/irrecams.de\/wp-content\/uploads\/2023\/03\/FXH20139.jpg 1500w\" sizes=\"auto, (max-width: 1024px) 100vw, 1024px\" \/><\/a><figcaption class=\"wp-element-caption\">Canon EOS R7 - Teardown bo\u00eetier<\/figcaption><\/figure>\n<\/figure>\n\n\n\n<p>La structure de l'oculaire est un peu plus complexe, il faut d'abord retirer l'\u0153illeton avant de pouvoir exposer les vis.<\/p>\n\n\n\n<figure class=\"wp-block-gallery has-nested-images columns-default is-cropped wp-block-gallery-2 is-layout-flex wp-block-gallery-is-layout-flex\">\n<figure class=\"wp-block-image size-large\"><a href=\"https:\/\/irrecams.de\/wp-content\/uploads\/2023\/03\/FXH20137.jpg\"><img loading=\"lazy\" decoding=\"async\" width=\"1024\" height=\"683\" data-id=\"9392\" src=\"https:\/\/irrecams.de\/wp-content\/uploads\/2023\/03\/FXH20137-1024x683.jpg\" alt=\"Canon EOS R7 - Teardown oculaire\" class=\"wp-image-9392\" srcset=\"https:\/\/irrecams.de\/wp-content\/uploads\/2023\/03\/FXH20137-1024x683.jpg 1024w, https:\/\/irrecams.de\/wp-content\/uploads\/2023\/03\/FXH20137-600x400.jpg 600w, https:\/\/irrecams.de\/wp-content\/uploads\/2023\/03\/FXH20137-300x200.jpg 300w, https:\/\/irrecams.de\/wp-content\/uploads\/2023\/03\/FXH20137-768x512.jpg 768w, https:\/\/irrecams.de\/wp-content\/uploads\/2023\/03\/FXH20137-18x12.jpg 18w, https:\/\/irrecams.de\/wp-content\/uploads\/2023\/03\/FXH20137.jpg 1500w\" sizes=\"auto, (max-width: 1024px) 100vw, 1024px\" \/><\/a><figcaption class=\"wp-element-caption\">Canon EOS R7 - Teardown oculaire<\/figcaption><\/figure>\n\n\n\n<figure class=\"wp-block-image size-large\"><a href=\"https:\/\/irrecams.de\/wp-content\/uploads\/2023\/03\/FXH20138.jpg\"><img loading=\"lazy\" decoding=\"async\" width=\"1024\" height=\"683\" data-id=\"9393\" src=\"https:\/\/irrecams.de\/wp-content\/uploads\/2023\/03\/FXH20138-1024x683.jpg\" alt=\"Canon EOS R7 - Teardown oculaire\" class=\"wp-image-9393\" srcset=\"https:\/\/irrecams.de\/wp-content\/uploads\/2023\/03\/FXH20138-1024x683.jpg 1024w, https:\/\/irrecams.de\/wp-content\/uploads\/2023\/03\/FXH20138-600x400.jpg 600w, https:\/\/irrecams.de\/wp-content\/uploads\/2023\/03\/FXH20138-300x200.jpg 300w, https:\/\/irrecams.de\/wp-content\/uploads\/2023\/03\/FXH20138-768x512.jpg 768w, https:\/\/irrecams.de\/wp-content\/uploads\/2023\/03\/FXH20138-18x12.jpg 18w, https:\/\/irrecams.de\/wp-content\/uploads\/2023\/03\/FXH20138.jpg 1500w\" sizes=\"auto, (max-width: 1024px) 100vw, 1024px\" \/><\/a><figcaption class=\"wp-element-caption\">Canon EOS R7 - Teardown oculaire<\/figcaption><\/figure>\n<\/figure>\n\n\n\n<p>Bien entendu, toutes les vis ne sont pas visibles imm\u00e9diatement, l'une d'entre elles se cache par exemple sous le repose-pouce. La coque arri\u00e8re avec l'\u00e9cran pivotant peut maintenant \u00eatre retir\u00e9e avec pr\u00e9caution.<\/p>\n\n\n\n<figure class=\"wp-block-gallery has-nested-images columns-default is-cropped wp-block-gallery-3 is-layout-flex wp-block-gallery-is-layout-flex\">\n<figure class=\"wp-block-image size-large\"><a href=\"https:\/\/irrecams.de\/wp-content\/uploads\/2023\/03\/FXH20141.jpg\"><img loading=\"lazy\" decoding=\"async\" width=\"1024\" height=\"683\" data-id=\"9395\" src=\"https:\/\/irrecams.de\/wp-content\/uploads\/2023\/03\/FXH20141-1024x683.jpg\" alt=\"Canon EOS R7 - Teardown bo\u00eetier\" class=\"wp-image-9395\" srcset=\"https:\/\/irrecams.de\/wp-content\/uploads\/2023\/03\/FXH20141-1024x683.jpg 1024w, https:\/\/irrecams.de\/wp-content\/uploads\/2023\/03\/FXH20141-600x400.jpg 600w, https:\/\/irrecams.de\/wp-content\/uploads\/2023\/03\/FXH20141-300x200.jpg 300w, https:\/\/irrecams.de\/wp-content\/uploads\/2023\/03\/FXH20141-768x512.jpg 768w, https:\/\/irrecams.de\/wp-content\/uploads\/2023\/03\/FXH20141-18x12.jpg 18w, https:\/\/irrecams.de\/wp-content\/uploads\/2023\/03\/FXH20141.jpg 1500w\" sizes=\"auto, (max-width: 1024px) 100vw, 1024px\" \/><\/a><figcaption class=\"wp-element-caption\">Canon EOS R7 - Teardown bo\u00eetier<\/figcaption><\/figure>\n\n\n\n<figure class=\"wp-block-image size-large\"><a href=\"https:\/\/irrecams.de\/wp-content\/uploads\/2023\/03\/FXH20142.jpg\"><img loading=\"lazy\" decoding=\"async\" width=\"1024\" height=\"683\" data-id=\"9396\" src=\"https:\/\/irrecams.de\/wp-content\/uploads\/2023\/03\/FXH20142-1024x683.jpg\" alt=\"Canon EOS R7 - Extension de l&#039;\u00e9cran\" class=\"wp-image-9396\" srcset=\"https:\/\/irrecams.de\/wp-content\/uploads\/2023\/03\/FXH20142-1024x683.jpg 1024w, https:\/\/irrecams.de\/wp-content\/uploads\/2023\/03\/FXH20142-600x400.jpg 600w, https:\/\/irrecams.de\/wp-content\/uploads\/2023\/03\/FXH20142-300x200.jpg 300w, https:\/\/irrecams.de\/wp-content\/uploads\/2023\/03\/FXH20142-768x512.jpg 768w, https:\/\/irrecams.de\/wp-content\/uploads\/2023\/03\/FXH20142-18x12.jpg 18w, https:\/\/irrecams.de\/wp-content\/uploads\/2023\/03\/FXH20142.jpg 1500w\" sizes=\"auto, (max-width: 1024px) 100vw, 1024px\" \/><\/a><figcaption class=\"wp-element-caption\">Canon EOS R7 - Extension de l'\u00e9cran<\/figcaption><\/figure>\n<\/figure>\n\n\n\n<p>Comme d'habitude, la carte m\u00e8re et le viseur \u00e9lectronique doivent maintenant c\u00e9der la place. Pour cela, il faut d'abord retirer tous les c\u00e2bles et les vis.<\/p>\n\n\n\n<figure class=\"wp-block-gallery has-nested-images columns-2 is-cropped wp-block-gallery-4 is-layout-flex wp-block-gallery-is-layout-flex\">\n<figure class=\"wp-block-image size-large\"><a href=\"https:\/\/irrecams.de\/wp-content\/uploads\/2023\/03\/FXH20143.jpg\"><img loading=\"lazy\" decoding=\"async\" width=\"1024\" height=\"683\" data-id=\"9397\" src=\"https:\/\/irrecams.de\/wp-content\/uploads\/2023\/03\/FXH20143-1024x683.jpg\" alt=\"Canon EOS R7 - Viseur \u00e9lectronique\" class=\"wp-image-9397\" srcset=\"https:\/\/irrecams.de\/wp-content\/uploads\/2023\/03\/FXH20143-1024x683.jpg 1024w, https:\/\/irrecams.de\/wp-content\/uploads\/2023\/03\/FXH20143-600x400.jpg 600w, https:\/\/irrecams.de\/wp-content\/uploads\/2023\/03\/FXH20143-300x200.jpg 300w, https:\/\/irrecams.de\/wp-content\/uploads\/2023\/03\/FXH20143-768x512.jpg 768w, https:\/\/irrecams.de\/wp-content\/uploads\/2023\/03\/FXH20143-18x12.jpg 18w, https:\/\/irrecams.de\/wp-content\/uploads\/2023\/03\/FXH20143.jpg 1500w\" sizes=\"auto, (max-width: 1024px) 100vw, 1024px\" \/><\/a><figcaption class=\"wp-element-caption\">Canon EOS R7 - Viseur \u00e9lectronique<\/figcaption><\/figure>\n\n\n\n<figure class=\"wp-block-image size-large\"><a href=\"https:\/\/irrecams.de\/wp-content\/uploads\/2023\/03\/FXH20145.jpg\"><img loading=\"lazy\" decoding=\"async\" width=\"1024\" height=\"683\" data-id=\"9398\" src=\"https:\/\/irrecams.de\/wp-content\/uploads\/2023\/03\/FXH20145-1024x683.jpg\" alt=\"Canon EOS R7 - D\u00e9montage de la carte m\u00e8re\" class=\"wp-image-9398\" srcset=\"https:\/\/irrecams.de\/wp-content\/uploads\/2023\/03\/FXH20145-1024x683.jpg 1024w, https:\/\/irrecams.de\/wp-content\/uploads\/2023\/03\/FXH20145-600x400.jpg 600w, https:\/\/irrecams.de\/wp-content\/uploads\/2023\/03\/FXH20145-300x200.jpg 300w, https:\/\/irrecams.de\/wp-content\/uploads\/2023\/03\/FXH20145-768x512.jpg 768w, https:\/\/irrecams.de\/wp-content\/uploads\/2023\/03\/FXH20145-18x12.jpg 18w, https:\/\/irrecams.de\/wp-content\/uploads\/2023\/03\/FXH20145.jpg 1500w\" sizes=\"auto, (max-width: 1024px) 100vw, 1024px\" \/><\/a><figcaption class=\"wp-element-caption\">Canon EOS R7 - D\u00e9montage de la carte m\u00e8re<\/figcaption><\/figure>\n\n\n\n<figure class=\"wp-block-image size-large\"><a href=\"https:\/\/irrecams.de\/wp-content\/uploads\/2023\/03\/FXH20149.jpg\"><img loading=\"lazy\" decoding=\"async\" width=\"1024\" height=\"683\" data-id=\"9402\" src=\"https:\/\/irrecams.de\/wp-content\/uploads\/2023\/03\/FXH20149-1024x683.jpg\" alt=\"Canon EOS R7 - carte m\u00e8re\" class=\"wp-image-9402\" srcset=\"https:\/\/irrecams.de\/wp-content\/uploads\/2023\/03\/FXH20149-1024x683.jpg 1024w, https:\/\/irrecams.de\/wp-content\/uploads\/2023\/03\/FXH20149-600x400.jpg 600w, https:\/\/irrecams.de\/wp-content\/uploads\/2023\/03\/FXH20149-300x200.jpg 300w, https:\/\/irrecams.de\/wp-content\/uploads\/2023\/03\/FXH20149-768x512.jpg 768w, https:\/\/irrecams.de\/wp-content\/uploads\/2023\/03\/FXH20149-18x12.jpg 18w, https:\/\/irrecams.de\/wp-content\/uploads\/2023\/03\/FXH20149.jpg 1500w\" sizes=\"auto, (max-width: 1024px) 100vw, 1024px\" \/><\/a><figcaption class=\"wp-element-caption\">Canon EOS R7 - carte m\u00e8re<\/figcaption><\/figure>\n<\/figure>\n\n\n\n<p>Les \u00e9l\u00e9ments les plus marquants de la carte m\u00e8re sont sans doute les doubles slots pour cartes SD (un sur la face sup\u00e9rieure et un sur la face inf\u00e9rieure). On peut \u00e9galement voir une pile bouton facilement rempla\u00e7able pour alimenter l'horloge interne.<\/p>\n\n\n\n<figure class=\"wp-block-gallery has-nested-images columns-default is-cropped wp-block-gallery-5 is-layout-flex wp-block-gallery-is-layout-flex\">\n<figure class=\"wp-block-image size-large\"><a href=\"https:\/\/irrecams.de\/wp-content\/uploads\/2023\/03\/FXH20147.jpg\"><img loading=\"lazy\" decoding=\"async\" width=\"1024\" height=\"683\" data-id=\"9400\" src=\"https:\/\/irrecams.de\/wp-content\/uploads\/2023\/03\/FXH20147-1024x683.jpg\" alt=\"Canon EOS R7 - Face sup\u00e9rieure de la carte m\u00e8re\" class=\"wp-image-9400\" srcset=\"https:\/\/irrecams.de\/wp-content\/uploads\/2023\/03\/FXH20147-1024x683.jpg 1024w, https:\/\/irrecams.de\/wp-content\/uploads\/2023\/03\/FXH20147-600x400.jpg 600w, https:\/\/irrecams.de\/wp-content\/uploads\/2023\/03\/FXH20147-300x200.jpg 300w, https:\/\/irrecams.de\/wp-content\/uploads\/2023\/03\/FXH20147-768x512.jpg 768w, https:\/\/irrecams.de\/wp-content\/uploads\/2023\/03\/FXH20147-18x12.jpg 18w, https:\/\/irrecams.de\/wp-content\/uploads\/2023\/03\/FXH20147.jpg 1500w\" sizes=\"auto, (max-width: 1024px) 100vw, 1024px\" \/><\/a><figcaption class=\"wp-element-caption\">Canon EOS R7 - Face sup\u00e9rieure de la carte m\u00e8re<\/figcaption><\/figure>\n\n\n\n<figure class=\"wp-block-image size-large\"><a href=\"https:\/\/irrecams.de\/wp-content\/uploads\/2023\/03\/FXH20148.jpg\"><img loading=\"lazy\" decoding=\"async\" width=\"1024\" height=\"683\" data-id=\"9401\" src=\"https:\/\/irrecams.de\/wp-content\/uploads\/2023\/03\/FXH20148-1024x683.jpg\" alt=\"Canon EOS R7 - Dessous de la carte m\u00e8re\" class=\"wp-image-9401\" srcset=\"https:\/\/irrecams.de\/wp-content\/uploads\/2023\/03\/FXH20148-1024x683.jpg 1024w, https:\/\/irrecams.de\/wp-content\/uploads\/2023\/03\/FXH20148-600x400.jpg 600w, https:\/\/irrecams.de\/wp-content\/uploads\/2023\/03\/FXH20148-300x200.jpg 300w, https:\/\/irrecams.de\/wp-content\/uploads\/2023\/03\/FXH20148-768x512.jpg 768w, https:\/\/irrecams.de\/wp-content\/uploads\/2023\/03\/FXH20148-18x12.jpg 18w, https:\/\/irrecams.de\/wp-content\/uploads\/2023\/03\/FXH20148.jpg 1500w\" sizes=\"auto, (max-width: 1024px) 100vw, 1024px\" \/><\/a><figcaption class=\"wp-element-caption\">Canon EOS R7 - Dessous de la carte m\u00e8re<\/figcaption><\/figure>\n<\/figure>\n\n\n\n<p>Pour pouvoir acc\u00e9der au capteur, il faut encore retirer un cadre m\u00e9tallique interm\u00e9diaire et soulever la partie sup\u00e9rieure du bo\u00eetier de la cam\u00e9ra pour acc\u00e9der aux vis.<\/p>\n\n\n\n<figure class=\"wp-block-gallery has-nested-images columns-2 is-cropped wp-block-gallery-6 is-layout-flex wp-block-gallery-is-layout-flex\">\n<figure class=\"wp-block-image size-large\"><a href=\"https:\/\/irrecams.de\/wp-content\/uploads\/2023\/03\/FXH20150.jpg\"><img loading=\"lazy\" decoding=\"async\" width=\"1024\" height=\"683\" data-id=\"9403\" src=\"https:\/\/irrecams.de\/wp-content\/uploads\/2023\/03\/FXH20150-1024x683.jpg\" alt=\"Canon EOS R7 - Teardown\" class=\"wp-image-9403\" srcset=\"https:\/\/irrecams.de\/wp-content\/uploads\/2023\/03\/FXH20150-1024x683.jpg 1024w, https:\/\/irrecams.de\/wp-content\/uploads\/2023\/03\/FXH20150-600x400.jpg 600w, https:\/\/irrecams.de\/wp-content\/uploads\/2023\/03\/FXH20150-300x200.jpg 300w, https:\/\/irrecams.de\/wp-content\/uploads\/2023\/03\/FXH20150-768x512.jpg 768w, https:\/\/irrecams.de\/wp-content\/uploads\/2023\/03\/FXH20150-18x12.jpg 18w, https:\/\/irrecams.de\/wp-content\/uploads\/2023\/03\/FXH20150.jpg 1500w\" sizes=\"auto, (max-width: 1024px) 100vw, 1024px\" \/><\/a><figcaption class=\"wp-element-caption\">Canon EOS R7 - Teardown<\/figcaption><\/figure>\n\n\n\n<figure class=\"wp-block-image size-large\"><a href=\"https:\/\/irrecams.de\/wp-content\/uploads\/2023\/03\/FXH20153.jpg\"><img loading=\"lazy\" decoding=\"async\" width=\"1024\" height=\"683\" data-id=\"9404\" src=\"https:\/\/irrecams.de\/wp-content\/uploads\/2023\/03\/FXH20153-1024x683.jpg\" alt=\"Canon EOS R7 - Teardown bo\u00eetier\" class=\"wp-image-9404\" srcset=\"https:\/\/irrecams.de\/wp-content\/uploads\/2023\/03\/FXH20153-1024x683.jpg 1024w, https:\/\/irrecams.de\/wp-content\/uploads\/2023\/03\/FXH20153-600x400.jpg 600w, https:\/\/irrecams.de\/wp-content\/uploads\/2023\/03\/FXH20153-300x200.jpg 300w, https:\/\/irrecams.de\/wp-content\/uploads\/2023\/03\/FXH20153-768x512.jpg 768w, https:\/\/irrecams.de\/wp-content\/uploads\/2023\/03\/FXH20153-18x12.jpg 18w, https:\/\/irrecams.de\/wp-content\/uploads\/2023\/03\/FXH20153.jpg 1500w\" sizes=\"auto, (max-width: 1024px) 100vw, 1024px\" \/><\/a><figcaption class=\"wp-element-caption\">Canon EOS R7 - Teardown bo\u00eetier<\/figcaption><\/figure>\n\n\n\n<figure class=\"wp-block-image size-large\"><a href=\"https:\/\/irrecams.de\/wp-content\/uploads\/2023\/03\/FXH20155.jpg\"><img loading=\"lazy\" decoding=\"async\" width=\"1024\" height=\"683\" data-id=\"9405\" src=\"https:\/\/irrecams.de\/wp-content\/uploads\/2023\/03\/FXH20155-1024x683.jpg\" alt=\"Canon EOS R7 - Suspension du module de capteur\" class=\"wp-image-9405\" srcset=\"https:\/\/irrecams.de\/wp-content\/uploads\/2023\/03\/FXH20155-1024x683.jpg 1024w, https:\/\/irrecams.de\/wp-content\/uploads\/2023\/03\/FXH20155-600x400.jpg 600w, https:\/\/irrecams.de\/wp-content\/uploads\/2023\/03\/FXH20155-300x200.jpg 300w, https:\/\/irrecams.de\/wp-content\/uploads\/2023\/03\/FXH20155-768x512.jpg 768w, https:\/\/irrecams.de\/wp-content\/uploads\/2023\/03\/FXH20155-18x12.jpg 18w, https:\/\/irrecams.de\/wp-content\/uploads\/2023\/03\/FXH20155.jpg 1500w\" sizes=\"auto, (max-width: 1024px) 100vw, 1024px\" \/><\/a><figcaption class=\"wp-element-caption\">Canon EOS R7 - Soulever la partie sup\u00e9rieure<\/figcaption><\/figure>\n<\/figure>\n\n\n\n<p>Le module du capteur est fix\u00e9 au ch\u00e2ssis de la cam\u00e9ra par trois vis. Apr\u00e8s avoir retir\u00e9 ces vis, le module IBIS complet peut \u00eatre facilement retir\u00e9.<\/p>\n\n\n\n<figure class=\"wp-block-gallery has-nested-images columns-default is-cropped wp-block-gallery-7 is-layout-flex wp-block-gallery-is-layout-flex\">\n<figure class=\"wp-block-image size-large\"><a href=\"https:\/\/irrecams.de\/wp-content\/uploads\/2023\/03\/FXH20156.jpg\"><img loading=\"lazy\" decoding=\"async\" width=\"1024\" height=\"683\" data-id=\"9406\" src=\"https:\/\/irrecams.de\/wp-content\/uploads\/2023\/03\/FXH20156-1024x683.jpg\" alt=\"Canon EOS R7 - Module de capteur\" class=\"wp-image-9406\" srcset=\"https:\/\/irrecams.de\/wp-content\/uploads\/2023\/03\/FXH20156-1024x683.jpg 1024w, https:\/\/irrecams.de\/wp-content\/uploads\/2023\/03\/FXH20156-600x400.jpg 600w, https:\/\/irrecams.de\/wp-content\/uploads\/2023\/03\/FXH20156-300x200.jpg 300w, https:\/\/irrecams.de\/wp-content\/uploads\/2023\/03\/FXH20156-768x512.jpg 768w, https:\/\/irrecams.de\/wp-content\/uploads\/2023\/03\/FXH20156-18x12.jpg 18w, https:\/\/irrecams.de\/wp-content\/uploads\/2023\/03\/FXH20156.jpg 1500w\" sizes=\"auto, (max-width: 1024px) 100vw, 1024px\" \/><\/a><figcaption class=\"wp-element-caption\">Canon EOS R7 - Module de capteur<\/figcaption><\/figure>\n\n\n\n<figure class=\"wp-block-image size-large\"><a href=\"https:\/\/irrecams.de\/wp-content\/uploads\/2023\/03\/FXH20160.jpg\"><img loading=\"lazy\" decoding=\"async\" width=\"1024\" height=\"683\" data-id=\"9407\" src=\"https:\/\/irrecams.de\/wp-content\/uploads\/2023\/03\/FXH20160-1024x683.jpg\" alt=\"Canon EOS R7 - Module de capteur\" class=\"wp-image-9407\" srcset=\"https:\/\/irrecams.de\/wp-content\/uploads\/2023\/03\/FXH20160-1024x683.jpg 1024w, https:\/\/irrecams.de\/wp-content\/uploads\/2023\/03\/FXH20160-600x400.jpg 600w, https:\/\/irrecams.de\/wp-content\/uploads\/2023\/03\/FXH20160-300x200.jpg 300w, https:\/\/irrecams.de\/wp-content\/uploads\/2023\/03\/FXH20160-768x512.jpg 768w, https:\/\/irrecams.de\/wp-content\/uploads\/2023\/03\/FXH20160-18x12.jpg 18w, https:\/\/irrecams.de\/wp-content\/uploads\/2023\/03\/FXH20160.jpg 1500w\" sizes=\"auto, (max-width: 1024px) 100vw, 1024px\" \/><\/a><figcaption class=\"wp-element-caption\">Canon EOS R7 - Module de capteur<\/figcaption><\/figure>\n<\/figure>\n\n\n\n<p>Sur le module, on peut voir un cadre \u00e9pais sur la partie sup\u00e9rieure et le c\u00f4t\u00e9 droit. Des aimants permanents et de petites bobines de cuivre (\u00e9lectroaimants) y sont int\u00e9gr\u00e9s, qui peuvent contr\u00f4ler la position et le mouvement du capteur de mani\u00e8re extr\u00eamement rapide et pr\u00e9cise. Ces constructions \u00e9lectromagn\u00e9tiques IBIS se sont impos\u00e9es depuis des ann\u00e9es et se retrouvent, sous des formes l\u00e9g\u00e8rement diff\u00e9rentes, dans pratiquement tous les appareils photo modernes avec stabilisation du capteur.<\/p>\n\n\n\n<figure class=\"wp-block-gallery has-nested-images columns-1 is-cropped wp-block-gallery-8 is-layout-flex wp-block-gallery-is-layout-flex\">\n<figure class=\"wp-block-image size-large\"><a href=\"https:\/\/irrecams.de\/wp-content\/uploads\/2023\/03\/FXH20161.jpg\"><img loading=\"lazy\" decoding=\"async\" width=\"1024\" height=\"683\" data-id=\"9408\" src=\"https:\/\/irrecams.de\/wp-content\/uploads\/2023\/03\/FXH20161-1024x683.jpg\" alt=\"Canon EOS R7 - Capteur\" class=\"wp-image-9408\" srcset=\"https:\/\/irrecams.de\/wp-content\/uploads\/2023\/03\/FXH20161-1024x683.jpg 1024w, https:\/\/irrecams.de\/wp-content\/uploads\/2023\/03\/FXH20161-600x400.jpg 600w, https:\/\/irrecams.de\/wp-content\/uploads\/2023\/03\/FXH20161-300x200.jpg 300w, https:\/\/irrecams.de\/wp-content\/uploads\/2023\/03\/FXH20161-768x512.jpg 768w, https:\/\/irrecams.de\/wp-content\/uploads\/2023\/03\/FXH20161-18x12.jpg 18w, https:\/\/irrecams.de\/wp-content\/uploads\/2023\/03\/FXH20161.jpg 1500w\" sizes=\"auto, (max-width: 1024px) 100vw, 1024px\" \/><\/a><figcaption class=\"wp-element-caption\">Canon EOS R7 - Capteur<\/figcaption><\/figure>\n\n\n\n<figure class=\"wp-block-image size-large\"><a href=\"https:\/\/irrecams.de\/wp-content\/uploads\/2023\/03\/FXH20162.jpg\"><img loading=\"lazy\" decoding=\"async\" width=\"1024\" height=\"683\" data-id=\"9409\" src=\"https:\/\/irrecams.de\/wp-content\/uploads\/2023\/03\/FXH20162-1024x683.jpg\" alt=\"Canon EOS R7 - Vue d&#039;ensemble des pi\u00e8ces\" class=\"wp-image-9409\" srcset=\"https:\/\/irrecams.de\/wp-content\/uploads\/2023\/03\/FXH20162-1024x683.jpg 1024w, https:\/\/irrecams.de\/wp-content\/uploads\/2023\/03\/FXH20162-600x400.jpg 600w, https:\/\/irrecams.de\/wp-content\/uploads\/2023\/03\/FXH20162-300x200.jpg 300w, https:\/\/irrecams.de\/wp-content\/uploads\/2023\/03\/FXH20162-768x512.jpg 768w, https:\/\/irrecams.de\/wp-content\/uploads\/2023\/03\/FXH20162-18x12.jpg 18w, https:\/\/irrecams.de\/wp-content\/uploads\/2023\/03\/FXH20162.jpg 1500w\" sizes=\"auto, (max-width: 1024px) 100vw, 1024px\" \/><\/a><figcaption class=\"wp-element-caption\">Canon EOS R7 - Vue d'ensemble des pi\u00e8ces<\/figcaption><\/figure>\n<\/figure>\n\n\n\n<p>On pourrait certainement d\u00e9monter d'autres \u00e9l\u00e9ments de la cam\u00e9ra et les examiner. Mais comme l'objectif est ici de r\u00e9aliser une conversion infrarouge plein-spectre, nous nous arr\u00eatons au capteur. Apr\u00e8s avoir remplac\u00e9 le filtre d'arr\u00eat par un filtre plein-spectre de 280 nm, il reste 2 petits verres filtrants. Le filtre de blocage est de couleur cyan et emp\u00eache la lumi\u00e8re infrarouge d'atteindre le capteur. Mais il faut aussi d\u00e9monter le filtre anti-poussi\u00e8re un peu plus grand, comme sur presque tous les appareils Canon. Il poss\u00e8de une disposition de blocage des IR et limiterait fortement son utilisation en tant que cam\u00e9ra IR. La petite barre blanche sur le filtre \u00e0 poussi\u00e8re est l'\u00e9l\u00e9ment pi\u00e9zo\u00e9lectrique qui est responsable du nettoyage de la poussi\u00e8re par ultrasons. Le nettoyage automatique du capteur est donc malheureusement perdu avec une modification infrarouge.<\/p>\n\n\n\n<figure class=\"wp-block-gallery has-nested-images columns-default is-cropped wp-block-gallery-9 is-layout-flex wp-block-gallery-is-layout-flex\">\n<figure class=\"wp-block-image size-large\"><a href=\"https:\/\/irrecams.de\/wp-content\/uploads\/2023\/03\/FXH20163.jpg\"><img loading=\"lazy\" decoding=\"async\" width=\"1024\" height=\"683\" data-id=\"9410\" src=\"https:\/\/irrecams.de\/wp-content\/uploads\/2023\/03\/FXH20163-1024x683.jpg\" alt=\"Canon EOS R7 - Capteur\" class=\"wp-image-9410\" srcset=\"https:\/\/irrecams.de\/wp-content\/uploads\/2023\/03\/FXH20163-1024x683.jpg 1024w, https:\/\/irrecams.de\/wp-content\/uploads\/2023\/03\/FXH20163-600x400.jpg 600w, https:\/\/irrecams.de\/wp-content\/uploads\/2023\/03\/FXH20163-300x200.jpg 300w, https:\/\/irrecams.de\/wp-content\/uploads\/2023\/03\/FXH20163-768x512.jpg 768w, https:\/\/irrecams.de\/wp-content\/uploads\/2023\/03\/FXH20163-18x12.jpg 18w, https:\/\/irrecams.de\/wp-content\/uploads\/2023\/03\/FXH20163.jpg 1500w\" sizes=\"auto, (max-width: 1024px) 100vw, 1024px\" \/><\/a><figcaption class=\"wp-element-caption\">Canon EOS R7 - Capteur avec filtre plein spectre<\/figcaption><\/figure>\n\n\n\n<figure class=\"wp-block-image size-large\"><a href=\"https:\/\/irrecams.de\/wp-content\/uploads\/2023\/03\/FXH20164.jpg\"><img loading=\"lazy\" decoding=\"async\" width=\"1024\" height=\"683\" data-id=\"9411\" src=\"https:\/\/irrecams.de\/wp-content\/uploads\/2023\/03\/FXH20164-1024x683.jpg\" alt=\"Canon EOS R7 - Capteur\" class=\"wp-image-9411\" srcset=\"https:\/\/irrecams.de\/wp-content\/uploads\/2023\/03\/FXH20164-1024x683.jpg 1024w, https:\/\/irrecams.de\/wp-content\/uploads\/2023\/03\/FXH20164-600x400.jpg 600w, https:\/\/irrecams.de\/wp-content\/uploads\/2023\/03\/FXH20164-300x200.jpg 300w, https:\/\/irrecams.de\/wp-content\/uploads\/2023\/03\/FXH20164-768x512.jpg 768w, https:\/\/irrecams.de\/wp-content\/uploads\/2023\/03\/FXH20164-18x12.jpg 18w, https:\/\/irrecams.de\/wp-content\/uploads\/2023\/03\/FXH20164.jpg 1500w\" sizes=\"auto, (max-width: 1024px) 100vw, 1024px\" \/><\/a><figcaption class=\"wp-element-caption\">Canon EOS R7 - Capteur avec filtre plein spectre<\/figcaption><\/figure>\n<\/figure>\n\n\n\n<p>Maintenant que le capteur a \u00e9t\u00e9 modifi\u00e9, tout peut \u00eatre r\u00e9assembl\u00e9 et nous arrivons \u00e0 la partie la plus passionnante. Comment le Canon R7 se comporte-t-il maintenant en photographie infrarouge ?<\/p>\n\n\n\n<p><\/p>\n\n\n\n<h2 class=\"wp-block-heading\">LED infrarouge interne<\/h2>\n\n\n\n<p>Certaines cam\u00e9ras modernes sont \u00e9quip\u00e9es d'une LED infrarouge interne. La lumi\u00e8re diffuse de cette LED peut \u00eatre visible sur les images infrarouges dans de mauvaises conditions d'\u00e9clairage. Une photo test montre heureusement que la cam\u00e9ra ne poss\u00e8de pas de LED interne. L'image est compl\u00e8tement noire apr\u00e8s 30 s \u00e0 25 600 ISO (\u00e0 part quelques hotpixels et le bruit auquel on peut s'attendre).<\/p>\n\n\n\n<figure class=\"wp-block-image size-large\"><a href=\"https:\/\/irrecams.de\/wp-content\/uploads\/2023\/03\/8G4A0063.jpg\"><img loading=\"lazy\" decoding=\"async\" width=\"1024\" height=\"683\" src=\"https:\/\/irrecams.de\/wp-content\/uploads\/2023\/03\/8G4A0063-1024x683.jpg\" alt=\"Canon EOS R7 - Test de la LED infrarouge\" class=\"wp-image-9380\" srcset=\"https:\/\/irrecams.de\/wp-content\/uploads\/2023\/03\/8G4A0063-1024x683.jpg 1024w, https:\/\/irrecams.de\/wp-content\/uploads\/2023\/03\/8G4A0063-600x400.jpg 600w, https:\/\/irrecams.de\/wp-content\/uploads\/2023\/03\/8G4A0063-300x200.jpg 300w, https:\/\/irrecams.de\/wp-content\/uploads\/2023\/03\/8G4A0063-768x512.jpg 768w, https:\/\/irrecams.de\/wp-content\/uploads\/2023\/03\/8G4A0063-18x12.jpg 18w, https:\/\/irrecams.de\/wp-content\/uploads\/2023\/03\/8G4A0063.jpg 1500w\" sizes=\"auto, (max-width: 1024px) 100vw, 1024px\" \/><\/a><figcaption class=\"wp-element-caption\">Canon EOS R7 - Test de la LED infrarouge<\/figcaption><\/figure>\n\n\n\n<p>Il convient toutefois de mettre une nouvelle fois en garde contre les objectifs Canon R. La plupart des nouveaux objectifs ont une LED infrarouge interne, dont la lumi\u00e8re diffuse peut poser les m\u00eames probl\u00e8mes qu'une LED dans le bo\u00eetier de l'appareil photo. Pour les photos de nuit ou les longues expositions, il est recommand\u00e9 d'utiliser les anciens objectifs EF ou EF-S avec un adaptateur.<\/p>\n\n\n\n<p><\/p>\n\n\n\n<h2 class=\"wp-block-heading\">Test de photographie infrarouge<\/h2>\n\n\n\n<figure class=\"wp-block-image size-large\"><a href=\"https:\/\/irrecams.de\/wp-content\/uploads\/2023\/03\/FXH20172.jpg\"><img loading=\"lazy\" decoding=\"async\" width=\"1024\" height=\"683\" src=\"https:\/\/irrecams.de\/wp-content\/uploads\/2023\/03\/FXH20172-1024x683.jpg\" alt=\"Canon EOS R7 - Test infrarouge\" class=\"wp-image-9413\" srcset=\"https:\/\/irrecams.de\/wp-content\/uploads\/2023\/03\/FXH20172-1024x683.jpg 1024w, https:\/\/irrecams.de\/wp-content\/uploads\/2023\/03\/FXH20172-600x400.jpg 600w, https:\/\/irrecams.de\/wp-content\/uploads\/2023\/03\/FXH20172-300x200.jpg 300w, https:\/\/irrecams.de\/wp-content\/uploads\/2023\/03\/FXH20172-768x513.jpg 768w, https:\/\/irrecams.de\/wp-content\/uploads\/2023\/03\/FXH20172-18x12.jpg 18w, https:\/\/irrecams.de\/wp-content\/uploads\/2023\/03\/FXH20172.jpg 1500w\" sizes=\"auto, (max-width: 1024px) 100vw, 1024px\" \/><\/a><figcaption class=\"wp-element-caption\">Canon EOS R7 - Test infrarouge<\/figcaption><\/figure>\n\n\n\n<p>Bien entendu, l'appareil a \u00e9galement \u00e9t\u00e9 test\u00e9 avec tous les filtres infrarouges disponibles. Comme pour tous les appareils photo Canon, la balance des blancs interne de l'EOS R7 fonctionne parfaitement. Gr\u00e2ce \u00e0 la technique sans miroir, il n'y a pas non plus de probl\u00e8mes avec la mesure de l'exposition et le syst\u00e8me autofocus. Voici quelques exemples de photos (m\u00eame si la saison n'est vraiment pas la meilleure pour l'infrarouge) :<\/p>\n\n\n\n<figure class=\"wp-block-gallery has-nested-images columns-2 is-cropped wp-block-gallery-10 is-layout-flex wp-block-gallery-is-layout-flex\">\n<figure class=\"wp-block-image size-large\"><a href=\"https:\/\/irrecams.de\/wp-content\/uploads\/2023\/03\/8G4A0065.jpg\"><img loading=\"lazy\" decoding=\"async\" width=\"1024\" height=\"683\" data-id=\"9381\" src=\"https:\/\/irrecams.de\/wp-content\/uploads\/2023\/03\/8G4A0065-1024x683.jpg\" alt=\"Canon EOS R7 - Test de filtre infrarouge 550 nm\" class=\"wp-image-9381\" srcset=\"https:\/\/irrecams.de\/wp-content\/uploads\/2023\/03\/8G4A0065-1024x683.jpg 1024w, https:\/\/irrecams.de\/wp-content\/uploads\/2023\/03\/8G4A0065-600x400.jpg 600w, https:\/\/irrecams.de\/wp-content\/uploads\/2023\/03\/8G4A0065-300x200.jpg 300w, https:\/\/irrecams.de\/wp-content\/uploads\/2023\/03\/8G4A0065-768x512.jpg 768w, https:\/\/irrecams.de\/wp-content\/uploads\/2023\/03\/8G4A0065-18x12.jpg 18w, https:\/\/irrecams.de\/wp-content\/uploads\/2023\/03\/8G4A0065.jpg 1500w\" sizes=\"auto, (max-width: 1024px) 100vw, 1024px\" \/><\/a><figcaption class=\"wp-element-caption\">Canon EOS R7 - Test de filtre infrarouge 550 nm<\/figcaption><\/figure>\n\n\n\n<figure class=\"wp-block-image size-large\"><a href=\"https:\/\/irrecams.de\/wp-content\/uploads\/2023\/03\/8G4A0067.jpg\"><img loading=\"lazy\" decoding=\"async\" width=\"1024\" height=\"683\" data-id=\"9382\" src=\"https:\/\/irrecams.de\/wp-content\/uploads\/2023\/03\/8G4A0067-1024x683.jpg\" alt=\"Canon EOS R7 - Test de filtre infrarouge 630 nm\" class=\"wp-image-9382\" srcset=\"https:\/\/irrecams.de\/wp-content\/uploads\/2023\/03\/8G4A0067-1024x683.jpg 1024w, https:\/\/irrecams.de\/wp-content\/uploads\/2023\/03\/8G4A0067-600x400.jpg 600w, https:\/\/irrecams.de\/wp-content\/uploads\/2023\/03\/8G4A0067-300x200.jpg 300w, https:\/\/irrecams.de\/wp-content\/uploads\/2023\/03\/8G4A0067-768x512.jpg 768w, https:\/\/irrecams.de\/wp-content\/uploads\/2023\/03\/8G4A0067-18x12.jpg 18w, https:\/\/irrecams.de\/wp-content\/uploads\/2023\/03\/8G4A0067.jpg 1500w\" sizes=\"auto, (max-width: 1024px) 100vw, 1024px\" \/><\/a><figcaption class=\"wp-element-caption\">Canon EOS R7 - Test de filtre infrarouge 630 nm<\/figcaption><\/figure>\n\n\n\n<figure class=\"wp-block-image size-large\"><a href=\"https:\/\/irrecams.de\/wp-content\/uploads\/2023\/03\/8G4A0069.jpg\"><img loading=\"lazy\" decoding=\"async\" width=\"1024\" height=\"683\" data-id=\"9385\" src=\"https:\/\/irrecams.de\/wp-content\/uploads\/2023\/03\/8G4A0069-1024x683.jpg\" alt=\"Canon EOS R7 - Test de filtre infrarouge 830 nm\" class=\"wp-image-9385\" srcset=\"https:\/\/irrecams.de\/wp-content\/uploads\/2023\/03\/8G4A0069-1024x683.jpg 1024w, https:\/\/irrecams.de\/wp-content\/uploads\/2023\/03\/8G4A0069-600x400.jpg 600w, https:\/\/irrecams.de\/wp-content\/uploads\/2023\/03\/8G4A0069-300x200.jpg 300w, https:\/\/irrecams.de\/wp-content\/uploads\/2023\/03\/8G4A0069-768x512.jpg 768w, https:\/\/irrecams.de\/wp-content\/uploads\/2023\/03\/8G4A0069-18x12.jpg 18w, https:\/\/irrecams.de\/wp-content\/uploads\/2023\/03\/8G4A0069.jpg 1500w\" sizes=\"auto, (max-width: 1024px) 100vw, 1024px\" \/><\/a><figcaption class=\"wp-element-caption\">Canon EOS R7 - Test de filtre infrarouge 830 nm<\/figcaption><\/figure>\n\n\n\n<figure class=\"wp-block-image size-large\"><a href=\"https:\/\/irrecams.de\/wp-content\/uploads\/2023\/03\/8G4A0071.jpg\"><img loading=\"lazy\" decoding=\"async\" width=\"1024\" height=\"683\" data-id=\"9386\" src=\"https:\/\/irrecams.de\/wp-content\/uploads\/2023\/03\/8G4A0071-1024x683.jpg\" alt=\"Canon EOS R7 - Test du filtre InfraBlue\" class=\"wp-image-9386\" srcset=\"https:\/\/irrecams.de\/wp-content\/uploads\/2023\/03\/8G4A0071-1024x683.jpg 1024w, https:\/\/irrecams.de\/wp-content\/uploads\/2023\/03\/8G4A0071-600x400.jpg 600w, https:\/\/irrecams.de\/wp-content\/uploads\/2023\/03\/8G4A0071-300x200.jpg 300w, https:\/\/irrecams.de\/wp-content\/uploads\/2023\/03\/8G4A0071-768x512.jpg 768w, https:\/\/irrecams.de\/wp-content\/uploads\/2023\/03\/8G4A0071-18x12.jpg 18w, https:\/\/irrecams.de\/wp-content\/uploads\/2023\/03\/8G4A0071.jpg 1500w\" sizes=\"auto, (max-width: 1024px) 100vw, 1024px\" \/><\/a><figcaption class=\"wp-element-caption\">Canon EOS R7 - Test du filtre InfraBlue<\/figcaption><\/figure>\n<\/figure>\n\n\n\n<p>Parlons de l'autofocus, comment se comportent les pixels AF de phase ? Sur certains appareils photo, des lignes horizontales d'une largeur de 1 \u00e0 2 pixels peuvent se former. Ces lignes sont plut\u00f4t faibles et n'apparaissent g\u00e9n\u00e9ralement qu'apr\u00e8s un traitement tr\u00e8s contrast\u00e9 de l'image. Apr\u00e8s avoir r\u00e9gl\u00e9 les curseurs de contraste et de contraste local pratiquement au maximum, aucun artefact de ce type n'est visible sur les images. Voici une photo test d'un ciel couvert et un extrait de 100 % (le bruit relativement important est d\u00fb \u00e0 la forte augmentation du contraste) :<\/p>\n\n\n\n<figure class=\"wp-block-gallery has-nested-images columns-default is-cropped wp-block-gallery-11 is-layout-flex wp-block-gallery-is-layout-flex\">\n<figure class=\"wp-block-image size-large\"><a href=\"https:\/\/irrecams.de\/wp-content\/uploads\/2023\/03\/8G4A0068.jpg\"><img loading=\"lazy\" decoding=\"async\" width=\"1024\" height=\"683\" data-id=\"9383\" src=\"https:\/\/irrecams.de\/wp-content\/uploads\/2023\/03\/8G4A0068-1024x683.jpg\" alt=\"Canon EOS R7 - Test des lignes infrarouges\" class=\"wp-image-9383\" srcset=\"https:\/\/irrecams.de\/wp-content\/uploads\/2023\/03\/8G4A0068-1024x683.jpg 1024w, https:\/\/irrecams.de\/wp-content\/uploads\/2023\/03\/8G4A0068-600x400.jpg 600w, https:\/\/irrecams.de\/wp-content\/uploads\/2023\/03\/8G4A0068-300x200.jpg 300w, https:\/\/irrecams.de\/wp-content\/uploads\/2023\/03\/8G4A0068-768x512.jpg 768w, https:\/\/irrecams.de\/wp-content\/uploads\/2023\/03\/8G4A0068-18x12.jpg 18w, https:\/\/irrecams.de\/wp-content\/uploads\/2023\/03\/8G4A0068.jpg 1500w\" sizes=\"auto, (max-width: 1024px) 100vw, 1024px\" \/><\/a><figcaption class=\"wp-element-caption\">Canon EOS R7 - Test des lignes infrarouges<\/figcaption><\/figure>\n\n\n\n<figure class=\"wp-block-image size-large\"><a href=\"https:\/\/irrecams.de\/wp-content\/uploads\/2023\/03\/8G4A0068_crop.jpg\"><img loading=\"lazy\" decoding=\"async\" width=\"1024\" height=\"683\" data-id=\"9384\" src=\"https:\/\/irrecams.de\/wp-content\/uploads\/2023\/03\/8G4A0068_crop-1024x683.jpg\" alt=\"Canon EOS R7 - Crop lignes infrarouges\" class=\"wp-image-9384\" srcset=\"https:\/\/irrecams.de\/wp-content\/uploads\/2023\/03\/8G4A0068_crop-1024x683.jpg 1024w, https:\/\/irrecams.de\/wp-content\/uploads\/2023\/03\/8G4A0068_crop-600x400.jpg 600w, https:\/\/irrecams.de\/wp-content\/uploads\/2023\/03\/8G4A0068_crop-300x200.jpg 300w, https:\/\/irrecams.de\/wp-content\/uploads\/2023\/03\/8G4A0068_crop-768x512.jpg 768w, https:\/\/irrecams.de\/wp-content\/uploads\/2023\/03\/8G4A0068_crop-18x12.jpg 18w, https:\/\/irrecams.de\/wp-content\/uploads\/2023\/03\/8G4A0068_crop.jpg 1500w\" sizes=\"auto, (max-width: 1024px) 100vw, 1024px\" \/><\/a><figcaption class=\"wp-element-caption\">Canon EOS R7 - Crop lignes infrarouges<\/figcaption><\/figure>\n<\/figure>\n\n\n\n<p><\/p>\n\n\n\n<h2 class=\"wp-block-heading\">R\u00e9sum\u00e9<\/h2>\n\n\n\n<p>Le Canon EOS R7 est un appareil photo tr\u00e8s performant dot\u00e9 de nombreuses fonctionnalit\u00e9s. Un coup d'\u0153il \u00e0 l'int\u00e9rieur de l'appareil photo r\u00e9v\u00e8le une technologie de pointe et un design relativement simple et sans fioritures. L'appareil photo a pass\u00e9 avec brio tous les tests sp\u00e9cifiques \u00e0 l'infrarouge apr\u00e8s sa transformation et m\u00e9rite clairement une recommandation aussi bien comme <a href=\"https:\/\/irrecams.de\/fr\/boutique\/infrarot-umbau-service-canon-spiegellos\/\">Cam\u00e9ra infrarouge<\/a> ainsi que <a href=\"https:\/\/irrecams.de\/fr\/boutique\/transformation-astro-canon-aps-c\/\">Cam\u00e9ra astronomique<\/a>. Seuls les objectifs EOS R doivent faire l'objet d'une attention particuli\u00e8re en raison des LED infrarouges qui y sont int\u00e9gr\u00e9es, si l'on souhaite r\u00e9aliser des photos de longue dur\u00e9e ou de nuit.<\/p>","protected":false},"excerpt":{"rendered":"<p>Im Mai 2022 wurde mit der EOS R7 von Canon die erste APS-C Kamera im relativ jungen R System vorgestellt. Der Kamerasensor besitzt eine Aufl\u00f6sung von 32,5 Megapixel und ist beweglich gelagert &#8211; der Hersteller verspricht 7 Stufen Bildstabilisierung. Auf dem Datenblatt handelt es sich um eine sehr leistungsf\u00e4hige, kleine Kamera mit vielen Funktionen und [&hellip;]<\/p>\n","protected":false},"author":1,"featured_media":9409,"comment_status":"closed","ping_status":"closed","sticky":false,"template":"","format":"standard","meta":{"footnotes":""},"categories":[3],"tags":[296,851,849],"class_list":["post-9414","post","type-post","status-publish","format-standard","has-post-thumbnail","hentry","category-blog","tag-infrarot","tag-kamera-test","tag-umbau"],"_links":{"self":[{"href":"https:\/\/irrecams.de\/fr\/wp-json\/wp\/v2\/posts\/9414","targetHints":{"allow":["GET"]}}],"collection":[{"href":"https:\/\/irrecams.de\/fr\/wp-json\/wp\/v2\/posts"}],"about":[{"href":"https:\/\/irrecams.de\/fr\/wp-json\/wp\/v2\/types\/post"}],"author":[{"embeddable":true,"href":"https:\/\/irrecams.de\/fr\/wp-json\/wp\/v2\/users\/1"}],"replies":[{"embeddable":true,"href":"https:\/\/irrecams.de\/fr\/wp-json\/wp\/v2\/comments?post=9414"}],"version-history":[{"count":2,"href":"https:\/\/irrecams.de\/fr\/wp-json\/wp\/v2\/posts\/9414\/revisions"}],"predecessor-version":[{"id":10498,"href":"https:\/\/irrecams.de\/fr\/wp-json\/wp\/v2\/posts\/9414\/revisions\/10498"}],"wp:featuredmedia":[{"embeddable":true,"href":"https:\/\/irrecams.de\/fr\/wp-json\/wp\/v2\/media\/9409"}],"wp:attachment":[{"href":"https:\/\/irrecams.de\/fr\/wp-json\/wp\/v2\/media?parent=9414"}],"wp:term":[{"taxonomy":"category","embeddable":true,"href":"https:\/\/irrecams.de\/fr\/wp-json\/wp\/v2\/categories?post=9414"},{"taxonomy":"post_tag","embeddable":true,"href":"https:\/\/irrecams.de\/fr\/wp-json\/wp\/v2\/tags?post=9414"}],"curies":[{"name":"wp","href":"https:\/\/api.w.org\/{rel}","templated":true}]}}