{"id":7522,"date":"2021-11-04T07:36:51","date_gmt":"2021-11-04T06:36:51","guid":{"rendered":"https:\/\/irrecams.de\/?p=7522"},"modified":"2021-11-04T09:01:15","modified_gmt":"2021-11-04T08:01:15","slug":"spazio-profondo-e-nebulosa-cygnus-con-astrocamera","status":"publish","type":"post","link":"https:\/\/irrecams.de\/it\/blog\/2021\/spazio-profondo-e-nebulosa-cygnus-con-astrocamera\/","title":{"rendered":"Spazio profondo e area della nebulosa Cygnus"},"content":{"rendered":"<p class=\"has-small-font-size\">Un contributo di David Hajnal<\/p>\n\n\n\n<p><\/p>\n\n\n\n<p>Attraverso un <a href=\"https:\/\/irrecams.de\/it\/filtri-astro-per-fotografare-le-stelle-di-notte-con-fotocamere-modificate\/\">Conversione Astro<\/a> e l'estesa sensibilit\u00e0 al rosso, di notte \u00e8 possibile ottenere immagini molto particolari. Ci\u00f2 non richiede necessariamente un telescopio, in quanto <a href=\"https:\/\/500px.com\/p\/davidhajnal?view=photos\" target=\"_blank\" rel=\"noreferrer noopener\">David Hajnal<\/a> mostra in modo impressionante. Ha puntato la sua Sony A7 astromodificata (filtro Astronomik L2) verso la costellazione di Cygnus con 75 mm o 135 mm e ha scattato queste immagini impressionanti.<\/p>\n\n\n\n<!--more-->\n\n\n\n<figure class=\"wp-block-image size-large\"><a href=\"https:\/\/irrecams.de\/wp-content\/uploads\/2021\/11\/nebulae_deneb_hajnal.jpg\"><img loading=\"lazy\" decoding=\"async\" width=\"1024\" height=\"682\" src=\"https:\/\/irrecams.de\/wp-content\/uploads\/2021\/11\/nebulae_deneb_hajnal-1024x682.jpg\" alt=\"Cygnus e Deneb - David Hajnal\" class=\"wp-image-7525\" srcset=\"https:\/\/irrecams.de\/wp-content\/uploads\/2021\/11\/nebulae_deneb_hajnal-1024x682.jpg 1024w, https:\/\/irrecams.de\/wp-content\/uploads\/2021\/11\/nebulae_deneb_hajnal-600x400.jpg 600w, https:\/\/irrecams.de\/wp-content\/uploads\/2021\/11\/nebulae_deneb_hajnal-300x200.jpg 300w, https:\/\/irrecams.de\/wp-content\/uploads\/2021\/11\/nebulae_deneb_hajnal-768x512.jpg 768w, https:\/\/irrecams.de\/wp-content\/uploads\/2021\/11\/nebulae_deneb_hajnal-1536x1024.jpg 1536w, https:\/\/irrecams.de\/wp-content\/uploads\/2021\/11\/nebulae_deneb_hajnal-18x12.jpg 18w, https:\/\/irrecams.de\/wp-content\/uploads\/2021\/11\/nebulae_deneb_hajnal-350x233.jpg 350w, https:\/\/irrecams.de\/wp-content\/uploads\/2021\/11\/nebulae_deneb_hajnal.jpg 2000w\" sizes=\"auto, (max-width: 1024px) 100vw, 1024px\" \/><\/a><figcaption>Cygnus e Deneb - David Hajnal<\/figcaption><\/figure>\n\n\n\n<p>L'immagine di copertina mostra la Nebulosa Nord America nella costellazione di Cygnus e la luminosa stella blu Deneb. Questa immagine \u00e8 stata scattata con un obiettivo Samyang 135 mm F2 a f\/4. Sono state scattate 120 immagini singole, ognuna con un tempo di esposizione di 30 secondi a ISO 640. Inoltre, sull'obiettivo sono stati avvitati un filtro NiSi Natural Night per eliminare l'inquinamento luminoso e un filtro Tiffen Double Fog 2. Questo diffusore enfatizza la luminosit\u00e0 della stella Deneb. Questo diffusore enfatizza le stelle luminose e i loro colori.<\/p>\n\n\n\n<p>L'immagine che segue \u00e8 stata scattata con un Samyang AF 75 mm F1,8 FE, con uno stop a F4. Sono state scattate 110 immagini singole, ciascuna con un tempo di esposizione di 30 secondi a ISO 640. Sono stati utilizzati anche i filtri NiSi Natural Night e Tiffen Double Fog 2.<\/p>\n\n\n\n<figure class=\"wp-block-image size-large\"><a href=\"https:\/\/irrecams.de\/wp-content\/uploads\/2021\/11\/072_nebulae_cygnus_hajnal.jpg\"><img loading=\"lazy\" decoding=\"async\" width=\"1024\" height=\"682\" src=\"https:\/\/irrecams.de\/wp-content\/uploads\/2021\/11\/072_nebulae_cygnus_hajnal-1024x682.jpg\" alt=\"\" class=\"wp-image-7524\" srcset=\"https:\/\/irrecams.de\/wp-content\/uploads\/2021\/11\/072_nebulae_cygnus_hajnal-1024x682.jpg 1024w, https:\/\/irrecams.de\/wp-content\/uploads\/2021\/11\/072_nebulae_cygnus_hajnal-600x400.jpg 600w, https:\/\/irrecams.de\/wp-content\/uploads\/2021\/11\/072_nebulae_cygnus_hajnal-300x200.jpg 300w, https:\/\/irrecams.de\/wp-content\/uploads\/2021\/11\/072_nebulae_cygnus_hajnal-768x512.jpg 768w, https:\/\/irrecams.de\/wp-content\/uploads\/2021\/11\/072_nebulae_cygnus_hajnal-1536x1024.jpg 1536w, https:\/\/irrecams.de\/wp-content\/uploads\/2021\/11\/072_nebulae_cygnus_hajnal-18x12.jpg 18w, https:\/\/irrecams.de\/wp-content\/uploads\/2021\/11\/072_nebulae_cygnus_hajnal-350x233.jpg 350w, https:\/\/irrecams.de\/wp-content\/uploads\/2021\/11\/072_nebulae_cygnus_hajnal.jpg 2000w\" sizes=\"auto, (max-width: 1024px) 100vw, 1024px\" \/><\/a><figcaption>Area nebbiosa di Cygnus - David Hajnal<\/figcaption><\/figure>\n\n\n\n<p>Per evitare l'oscuramento delle stelle con un'esposizione di 30s, la fotocamera \u00e8 stata inseguita con un astromount. Ci\u00f2 significa che il soggetto rimane fermo al centro dell'immagine per tutto il tempo di esposizione.<\/p>\n\n\n\n<p>Per inciso, entrambe le foto sono state scattate dal mio balcone a Mannheim. Le condizioni di illuminazione erano quindi tutt'altro che ottimali. Il risultato: \"Il fatto che anche parti della nebulosa del velo siano chiaramente visibili nonostante l'inquinamento luminoso dimostra l'elevato potenziale di questo apparecchio!\".<\/p>\n\n\n\n<p>Altre grandi immagini di David Hajnal sono <a href=\"https:\/\/500px.com\/p\/davidhajnal?view=photos\" target=\"_blank\" rel=\"noreferrer noopener\">da trovare su 500px<\/a>.<\/p>","protected":false},"excerpt":{"rendered":"<p>Un articolo di David Hajnal Immagini molto speciali sono possibili di notte grazie a una conversione astro e a un'estesa sensibilit\u00e0 al rosso. Ci\u00f2 non richiede necessariamente un telescopio, come dimostra in modo impressionante David Hajnal. Ha puntato la sua Sony A7 astromodificata (filtro Astronomik L2) verso la costellazione di Cygnus con 75 mm o 135 mm e ha scattato queste immagini impressionanti.<\/p>","protected":false},"author":3,"featured_media":7525,"comment_status":"closed","ping_status":"closed","sticky":false,"template":"","format":"standard","meta":{"footnotes":""},"categories":[3,358],"tags":[],"class_list":["post-7522","post","type-post","status-publish","format-standard","has-post-thumbnail","hentry","category-blog","category-gast"],"_links":{"self":[{"href":"https:\/\/irrecams.de\/it\/wp-json\/wp\/v2\/posts\/7522","targetHints":{"allow":["GET"]}}],"collection":[{"href":"https:\/\/irrecams.de\/it\/wp-json\/wp\/v2\/posts"}],"about":[{"href":"https:\/\/irrecams.de\/it\/wp-json\/wp\/v2\/types\/post"}],"author":[{"embeddable":true,"href":"https:\/\/irrecams.de\/it\/wp-json\/wp\/v2\/users\/3"}],"replies":[{"embeddable":true,"href":"https:\/\/irrecams.de\/it\/wp-json\/wp\/v2\/comments?post=7522"}],"version-history":[{"count":2,"href":"https:\/\/irrecams.de\/it\/wp-json\/wp\/v2\/posts\/7522\/revisions"}],"predecessor-version":[{"id":7562,"href":"https:\/\/irrecams.de\/it\/wp-json\/wp\/v2\/posts\/7522\/revisions\/7562"}],"wp:featuredmedia":[{"embeddable":true,"href":"https:\/\/irrecams.de\/it\/wp-json\/wp\/v2\/media\/7525"}],"wp:attachment":[{"href":"https:\/\/irrecams.de\/it\/wp-json\/wp\/v2\/media?parent=7522"}],"wp:term":[{"taxonomy":"category","embeddable":true,"href":"https:\/\/irrecams.de\/it\/wp-json\/wp\/v2\/categories?post=7522"},{"taxonomy":"post_tag","embeddable":true,"href":"https:\/\/irrecams.de\/it\/wp-json\/wp\/v2\/tags?post=7522"}],"curies":[{"name":"wp","href":"https:\/\/api.w.org\/{rel}","templated":true}]}}