{"id":2981,"date":"2018-11-08T20:32:52","date_gmt":"2018-11-08T19:32:52","guid":{"rendered":"http:\/\/irrecams.de\/staging\/?p=2981"},"modified":"2020-04-15T08:25:38","modified_gmt":"2020-04-15T06:25:38","slug":"ir-panorama-fotografie","status":"publish","type":"post","link":"https:\/\/irrecams.de\/staging\/en\/blog\/guest\/2018\/ir-panorama-fotografie\/","title":{"rendered":"IR-Panorama Fotografie"},"content":{"rendered":"<p><a href=\"http:\/\/irrecams.de\/staging\/wp-content\/uploads\/2018\/11\/Infrarotpanorama-Kurpark-Waldbronn-experimentell-irrecams.jpg\"><img decoding=\"async\" loading=\"lazy\" src=\"http:\/\/irrecams.de\/staging\/wp-content\/uploads\/2018\/11\/Infrarotpanorama-Kurpark-Waldbronn-experimentell-irrecams.jpg\" alt=\"\" width=\"1500\" height=\"600\" class=\"aligncenter size-full wp-image-2982\" srcset=\"https:\/\/irrecams.de\/staging\/wp-content\/uploads\/2018\/11\/Infrarotpanorama-Kurpark-Waldbronn-experimentell-irrecams.jpg 1500w, https:\/\/irrecams.de\/staging\/wp-content\/uploads\/2018\/11\/Infrarotpanorama-Kurpark-Waldbronn-experimentell-irrecams-350x140.jpg 350w, https:\/\/irrecams.de\/staging\/wp-content\/uploads\/2018\/11\/Infrarotpanorama-Kurpark-Waldbronn-experimentell-irrecams-300x120.jpg 300w, https:\/\/irrecams.de\/staging\/wp-content\/uploads\/2018\/11\/Infrarotpanorama-Kurpark-Waldbronn-experimentell-irrecams-768x307.jpg 768w, https:\/\/irrecams.de\/staging\/wp-content\/uploads\/2018\/11\/Infrarotpanorama-Kurpark-Waldbronn-experimentell-irrecams-1024x410.jpg 1024w\" sizes=\"(max-width: 767px) 89vw, (max-width: 1000px) 54vw, (max-width: 1071px) 543px, 580px\" \/><\/a><\/p>\n<p>Infrarot Fotografie ist spannend, deswegen seit ihr ja auch sicherlich hier auf dieser Seite. Panorama Fotografie? Auch spannend! Wer sich schon immer gefragt hat, ob sich beides auch kombinieren l\u00e4sst, dem sei ein Beitrag von Martin Wolfert ans Herz gelegt. Er erkl\u00e4rt hier Schritt f\u00fcr Schritt wie er vorgeht und zu solchen 360\u00b0 Aufnahmen kommt. Klickt mal r\u00fcber in seinen Blog auf <a href=\"https:\/\/blog.lichttraeumer.de\/infrarot-panoramafotografie-oder-vom-mixen-zweier-fotografischer-nischen\/\" rel=\"noopener noreferrer\" target=\"_blank\">lichttraeumer.de<\/a>!<\/p>","protected":false},"excerpt":{"rendered":"<p>Infrarot Fotografie ist spannend, deswegen seit ihr ja auch sicherlich hier auf dieser Seite. Panorama Fotografie? Auch spannend! Wer sich schon immer gefragt hat, ob sich beides auch kombinieren l\u00e4sst, dem sei ein Beitrag von Martin Wolfert ans Herz gelegt. Er erkl\u00e4rt hier Schritt f\u00fcr Schritt wie er vorgeht und zu solchen 360\u00b0 Aufnahmen kommt. &hellip; <\/p>\n<p class=\"link-more\"><a href=\"https:\/\/irrecams.de\/staging\/en\/blog\/guest\/2018\/ir-panorama-fotografie\/\" class=\"more-link\">Continue reading<span class=\"screen-reader-text\"> &#8222;IR-Panorama Fotografie&#8220;<\/span><\/a><\/p>","protected":false},"author":3,"featured_media":2982,"comment_status":"closed","ping_status":"closed","sticky":false,"template":"","format":"standard","meta":[],"categories":[358],"tags":[281],"_links":{"self":[{"href":"https:\/\/irrecams.de\/staging\/en\/wp-json\/wp\/v2\/posts\/2981"}],"collection":[{"href":"https:\/\/irrecams.de\/staging\/en\/wp-json\/wp\/v2\/posts"}],"about":[{"href":"https:\/\/irrecams.de\/staging\/en\/wp-json\/wp\/v2\/types\/post"}],"author":[{"embeddable":true,"href":"https:\/\/irrecams.de\/staging\/en\/wp-json\/wp\/v2\/users\/3"}],"replies":[{"embeddable":true,"href":"https:\/\/irrecams.de\/staging\/en\/wp-json\/wp\/v2\/comments?post=2981"}],"version-history":[{"count":2,"href":"https:\/\/irrecams.de\/staging\/en\/wp-json\/wp\/v2\/posts\/2981\/revisions"}],"predecessor-version":[{"id":4917,"href":"https:\/\/irrecams.de\/staging\/en\/wp-json\/wp\/v2\/posts\/2981\/revisions\/4917"}],"wp:featuredmedia":[{"embeddable":true,"href":"https:\/\/irrecams.de\/staging\/en\/wp-json\/wp\/v2\/media\/2982"}],"wp:attachment":[{"href":"https:\/\/irrecams.de\/staging\/en\/wp-json\/wp\/v2\/media?parent=2981"}],"wp:term":[{"taxonomy":"category","embeddable":true,"href":"https:\/\/irrecams.de\/staging\/en\/wp-json\/wp\/v2\/categories?post=2981"},{"taxonomy":"post_tag","embeddable":true,"href":"https:\/\/irrecams.de\/staging\/en\/wp-json\/wp\/v2\/tags?post=2981"}],"curies":[{"name":"wp","href":"https:\/\/api.w.org\/{rel}","templated":true}]}}