{"id":3580,"date":"2018-11-11T18:04:17","date_gmt":"2018-11-11T17:04:17","guid":{"rendered":"http:\/\/irrecams.de\/staging\/?p=3580"},"modified":"2018-11-11T18:09:20","modified_gmt":"2018-11-11T17:09:20","slug":"workshops-fuer-2019","status":"publish","type":"post","link":"https:\/\/irrecams.de\/staging\/en\/blog\/2018\/workshops-fuer-2019\/","title":{"rendered":"Workshops f\u00fcr 2019"},"content":{"rendered":"<p><a href=\"http:\/\/irrecams.de\/staging\/wp-content\/uploads\/2018\/11\/IR-Workshop_19-1.jpg\"><img decoding=\"async\" loading=\"lazy\" src=\"http:\/\/irrecams.de\/staging\/wp-content\/uploads\/2018\/11\/IR-Workshop_19-1-1024x576.jpg\" alt=\"\" width=\"1024\" height=\"576\" class=\"aligncenter size-large wp-image-3573\" srcset=\"https:\/\/irrecams.de\/staging\/wp-content\/uploads\/2018\/11\/IR-Workshop_19-1-1024x576.jpg 1024w, https:\/\/irrecams.de\/staging\/wp-content\/uploads\/2018\/11\/IR-Workshop_19-1-350x197.jpg 350w, https:\/\/irrecams.de\/staging\/wp-content\/uploads\/2018\/11\/IR-Workshop_19-1-300x169.jpg 300w, https:\/\/irrecams.de\/staging\/wp-content\/uploads\/2018\/11\/IR-Workshop_19-1-768x432.jpg 768w\" sizes=\"(max-width: 767px) 89vw, (max-width: 1000px) 54vw, (max-width: 1071px) 543px, 580px\" \/><\/a><\/p>\n<p>Das Workshop Programm f\u00fcr 2019 steht fest. Die 3-t\u00e4gigen Workshops richten sich sowohl an Einsteiger als auch Fortgeschrittene Infrarot-Fotografierende. Es soll nicht nur theoretisches sondern auch praktisches Wissen vermittelt werde. Wir werden daher viel drau\u00dfen sein, um B\u00e4derarchitektur, Naturlandschaften und die Kreidek\u00fcsten zu fotografieren. Es werden an 3 Terminen Workshops auf der Insel R\u00fcgen stattfinden:<\/p>\n<p><!--more--><\/p>\n<p>Vom 10. bis 12.05.2019: -> <a href=\"http:\/\/irrecams.de\/staging\/en\/IR-Workshop_19-1.pdf\/\" target=\"_blank\">Details finden Sie in diesem PDF<\/a><br \/>\nVom 21. bis 23.06.2019: -> <a href=\"http:\/\/irrecams.de\/staging\/en\/IR-Workshop_19-2.pdf\/\" target=\"_blank\">Details finden Sie in diesem PDF<\/a><br \/>\nVom 06. bis 08.09.2019: -> <a href=\"http:\/\/irrecams.de\/staging\/en\/IR-Workshop_19-3.pdf\/\" target=\"_blank\">Details finden Sie in diesem PDF<\/a><\/p>\n<p>Die Workshops sind jeweils auf 8 Teilnehmer begrenzt, bei Interesse schreiben Sie mir bitte ganz unverbindlich eine <a href=\"https:\/\/irrecams.de\/staging\/en\/contact\/\">Message<\/a> oder <a href=\"http:\/\/irrecams.de\/staging\/en\/produkt-kategorie\/workshops\/\">buchen Sie direkt \u00fcber den Shop<\/a>. Alle Buchungen bis Ende des Jahres sparen noch einmal 50 \u20ac!<\/p>","protected":false},"excerpt":{"rendered":"<p>Das Workshop Programm f\u00fcr 2019 steht fest. Die 3-t\u00e4gigen Workshops richten sich sowohl an Einsteiger als auch Fortgeschrittene Infrarot-Fotografierende. Es soll nicht nur theoretisches sondern auch praktisches Wissen vermittelt werde. Wir werden daher viel drau\u00dfen sein, um B\u00e4derarchitektur, Naturlandschaften und die Kreidek\u00fcsten zu fotografieren. Es werden an 3 Terminen Workshops auf der Insel R\u00fcgen stattfinden:<\/p>","protected":false},"author":1,"featured_media":3573,"comment_status":"closed","ping_status":"closed","sticky":false,"template":"","format":"standard","meta":[],"categories":[3],"tags":[],"_links":{"self":[{"href":"https:\/\/irrecams.de\/staging\/en\/wp-json\/wp\/v2\/posts\/3580"}],"collection":[{"href":"https:\/\/irrecams.de\/staging\/en\/wp-json\/wp\/v2\/posts"}],"about":[{"href":"https:\/\/irrecams.de\/staging\/en\/wp-json\/wp\/v2\/types\/post"}],"author":[{"embeddable":true,"href":"https:\/\/irrecams.de\/staging\/en\/wp-json\/wp\/v2\/users\/1"}],"replies":[{"embeddable":true,"href":"https:\/\/irrecams.de\/staging\/en\/wp-json\/wp\/v2\/comments?post=3580"}],"version-history":[{"count":2,"href":"https:\/\/irrecams.de\/staging\/en\/wp-json\/wp\/v2\/posts\/3580\/revisions"}],"predecessor-version":[{"id":3587,"href":"https:\/\/irrecams.de\/staging\/en\/wp-json\/wp\/v2\/posts\/3580\/revisions\/3587"}],"wp:featuredmedia":[{"embeddable":true,"href":"https:\/\/irrecams.de\/staging\/en\/wp-json\/wp\/v2\/media\/3573"}],"wp:attachment":[{"href":"https:\/\/irrecams.de\/staging\/en\/wp-json\/wp\/v2\/media?parent=3580"}],"wp:term":[{"taxonomy":"category","embeddable":true,"href":"https:\/\/irrecams.de\/staging\/en\/wp-json\/wp\/v2\/categories?post=3580"},{"taxonomy":"post_tag","embeddable":true,"href":"https:\/\/irrecams.de\/staging\/en\/wp-json\/wp\/v2\/tags?post=3580"}],"curies":[{"name":"wp","href":"https:\/\/api.w.org\/{rel}","templated":true}]}}