{"id":3935,"date":"2019-04-01T18:00:03","date_gmt":"2019-04-01T16:00:03","guid":{"rendered":"http:\/\/irrecams.de\/staging\/?p=3935"},"modified":"2020-04-15T08:25:46","modified_gmt":"2020-04-15T06:25:46","slug":"oh-winterbilder-nein-sie-sehen-keinen-schnee","status":"publish","type":"post","link":"https:\/\/irrecams.de\/staging\/en\/blog\/guest\/2019\/oh-winterbilder-nein-sie-sehen-keinen-schnee\/","title":{"rendered":"Oh, Winterbilder?  Nein, Sie sehen keinen Schnee."},"content":{"rendered":"<p>Unter dem verbindenden Motto \u201eVon magischen Orten und anderen wundersamen Dingen\u201c zeigt der Kunstverein Stade im Rahmen einer Doppel-Austellung vom 7. April bis 1. Mai 2019 im Kunstpunkt Schleusenhaus auch Arbeiten der Jorker Fotografin Petra Albers,  geschaffen mit der Infrarot-Kamera.<\/p>\n\n\n\n<!--more-->\n\n\n\n<p>Schon seit einigen Jahren bildet die Arbeit mit der Infrarot-Kamera einen Schwerpunkt im Schaffen der K\u00fcnstlerin. Sie pr\u00e4sentiert Fotografien, die in dieser Zeit entstanden sind. Aber auch ganz aktuelle, neue Arbeiten. Diese zeigen, wie die beiden hochformatigen Motive \u201eLeuchtturm\u201c und \u201eNordsee\u201c, die Entwicklung des letzten Jahres von den betont landschaftlich orientierten hin zu deutlich grafischeren Abbildungen auf. Ein spannender, auch f\u00fcr den Betrachter reizvoller Prozess.<\/p>\n\n\n\n<figure class=\"wp-block-image\"><a href=\"http:\/\/irrecams.de\/staging\/wp-content\/uploads\/2019\/03\/Einladung-31.jpg\"><img decoding=\"async\" loading=\"lazy\" width=\"1024\" height=\"467\" src=\"http:\/\/irrecams.de\/staging\/wp-content\/uploads\/2019\/03\/Einladung-31-1024x467.jpg\" alt=\"\" class=\"wp-image-3936\" srcset=\"https:\/\/irrecams.de\/staging\/wp-content\/uploads\/2019\/03\/Einladung-31-1024x467.jpg 1024w, https:\/\/irrecams.de\/staging\/wp-content\/uploads\/2019\/03\/Einladung-31-300x137.jpg 300w, https:\/\/irrecams.de\/staging\/wp-content\/uploads\/2019\/03\/Einladung-31-768x350.jpg 768w, https:\/\/irrecams.de\/staging\/wp-content\/uploads\/2019\/03\/Einladung-31-350x160.jpg 350w\" sizes=\"(max-width: 767px) 89vw, (max-width: 1000px) 54vw, (max-width: 1071px) 543px, 580px\" \/><\/a><\/figure>\n\n\n\n<p>Die Idee und Umsetzung zu dieser Bildserie verdanke ich einer Reihe von gl\u00fccklichen F\u00fcgungen: Durch ein Kontaktstudium an der Universit\u00e4t Hamburg konnte ich an einem Literaturseminar zum Thema \u201eMagischer Realismus\u201c teilnehmen. Davon inspiriert und von meinen jungen Mitstudenten angeregt, suchte ich nach einer m\u00f6glichen Umsetzung des Themas. <\/p>\n\n\n\n<figure class=\"wp-block-image\"><a href=\"http:\/\/irrecams.de\/staging\/wp-content\/uploads\/2019\/03\/Einladung-R\u00fcckseite29.jpg\"><img decoding=\"async\" loading=\"lazy\" width=\"1024\" height=\"467\" src=\"http:\/\/irrecams.de\/staging\/wp-content\/uploads\/2019\/03\/Einladung-R\u00fcckseite29-1024x467.jpg\" alt=\"\" class=\"wp-image-3941\" srcset=\"https:\/\/irrecams.de\/staging\/wp-content\/uploads\/2019\/03\/Einladung-R\u00fcckseite29-1024x467.jpg 1024w, https:\/\/irrecams.de\/staging\/wp-content\/uploads\/2019\/03\/Einladung-R\u00fcckseite29-300x137.jpg 300w, https:\/\/irrecams.de\/staging\/wp-content\/uploads\/2019\/03\/Einladung-R\u00fcckseite29-768x350.jpg 768w, https:\/\/irrecams.de\/staging\/wp-content\/uploads\/2019\/03\/Einladung-R\u00fcckseite29-350x160.jpg 350w\" sizes=\"(max-width: 767px) 89vw, (max-width: 1000px) 54vw, (max-width: 1071px) 543px, 580px\" \/><\/a><figcaption>\u00a9 Petra Albers<\/figcaption><\/figure>\n\n\n\n<p>Wieder half mir der Zufall. Bei einem Fotografentreffen sah ich zum ersten Mal Infrarotfotos und wusste, das ist die Technik, die mir bei der Gestaltung helfen w\u00fcrde. Also lie\u00df ich eine meiner Kameras modifizieren, d.h. in eine Infrarot-Kamera umbauen.<\/p>\n\n\n\n<p>Dann begann die \u00dcbungsphase; Technik und Bildinhalte sollten \u00fcbereinstimmen. Schnell konnte ich meine Erfahrungen aus der analogen S\/W-Fotografie reaktivieren und das Thema in Angriff nehmen.  <\/p>\n\n\n\n<ul class=\"wp-block-gallery columns-3 is-cropped wp-block-gallery-1 is-layout-flex\"><li class=\"blocks-gallery-item\"><figure><a href=\"http:\/\/irrecams.de\/staging\/wp-content\/uploads\/2019\/03\/Leuchtturm-in-Balje.jpg\"><img decoding=\"async\" loading=\"lazy\" width=\"750\" height=\"1000\" src=\"http:\/\/irrecams.de\/staging\/wp-content\/uploads\/2019\/03\/Leuchtturm-in-Balje.jpg\" alt=\"\" data-id=\"3937\" data-link=\"http:\/\/irrecams.de\/staging\/?attachment_id=3937\" class=\"wp-image-3937\" srcset=\"https:\/\/irrecams.de\/staging\/wp-content\/uploads\/2019\/03\/Leuchtturm-in-Balje.jpg 750w, https:\/\/irrecams.de\/staging\/wp-content\/uploads\/2019\/03\/Leuchtturm-in-Balje-225x300.jpg 225w, https:\/\/irrecams.de\/staging\/wp-content\/uploads\/2019\/03\/Leuchtturm-in-Balje-350x467.jpg 350w\" sizes=\"(max-width: 706px) 89vw, (max-width: 767px) 82vw, 740px\" \/><\/a><figcaption>\u00a9 Petra Albers<\/figcaption><\/figure><\/li><li class=\"blocks-gallery-item\"><figure><a href=\"http:\/\/irrecams.de\/staging\/wp-content\/uploads\/2019\/03\/fb-Siesta.jpg\"><img decoding=\"async\" loading=\"lazy\" width=\"1000\" height=\"750\" src=\"http:\/\/irrecams.de\/staging\/wp-content\/uploads\/2019\/03\/fb-Siesta.jpg\" alt=\"\" data-id=\"3939\" data-link=\"http:\/\/irrecams.de\/staging\/?attachment_id=3939\" class=\"wp-image-3939\" srcset=\"https:\/\/irrecams.de\/staging\/wp-content\/uploads\/2019\/03\/fb-Siesta.jpg 1000w, https:\/\/irrecams.de\/staging\/wp-content\/uploads\/2019\/03\/fb-Siesta-300x225.jpg 300w, https:\/\/irrecams.de\/staging\/wp-content\/uploads\/2019\/03\/fb-Siesta-768x576.jpg 768w, https:\/\/irrecams.de\/staging\/wp-content\/uploads\/2019\/03\/fb-Siesta-350x263.jpg 350w\" sizes=\"(max-width: 767px) 89vw, (max-width: 1000px) 54vw, (max-width: 1071px) 543px, 580px\" \/><\/a><figcaption>\u00a9 Petra Albers<\/figcaption><\/figure><\/li><li class=\"blocks-gallery-item\"><figure><a href=\"http:\/\/irrecams.de\/staging\/wp-content\/uploads\/2019\/03\/Entlang-der-Landscheide.jpg\"><img decoding=\"async\" loading=\"lazy\" width=\"1000\" height=\"750\" src=\"http:\/\/irrecams.de\/staging\/wp-content\/uploads\/2019\/03\/Entlang-der-Landscheide.jpg\" alt=\"\" data-id=\"3940\" data-link=\"http:\/\/irrecams.de\/staging\/?attachment_id=3940\" class=\"wp-image-3940\" srcset=\"https:\/\/irrecams.de\/staging\/wp-content\/uploads\/2019\/03\/Entlang-der-Landscheide.jpg 1000w, https:\/\/irrecams.de\/staging\/wp-content\/uploads\/2019\/03\/Entlang-der-Landscheide-300x225.jpg 300w, https:\/\/irrecams.de\/staging\/wp-content\/uploads\/2019\/03\/Entlang-der-Landscheide-768x576.jpg 768w, https:\/\/irrecams.de\/staging\/wp-content\/uploads\/2019\/03\/Entlang-der-Landscheide-350x263.jpg 350w\" sizes=\"(max-width: 767px) 89vw, (max-width: 1000px) 54vw, (max-width: 1071px) 543px, 580px\" \/><\/a><figcaption>\u00a9 Petra Albers<\/figcaption><\/figure><\/li><\/ul>\n\n\n\n<blockquote class=\"wp-block-quote\"><p>Kunstverein Stade, Kunstpunkt Schleusenhaus, Altl\u00e4nder Stra\u00dfe 2, 21680 Stade.<\/p><p><br>Vernissage: Sonntag, den 7. April 2019, 11 Uhr. Dauer der Ausstellung: 7. April bis 26.<br><\/p><p>Mai 2019. T\u00e4glich ge\u00f6ffnet von 11 bis 17 Uhr. Eintritt frei.<\/p><\/blockquote>","protected":false},"excerpt":{"rendered":"<p>Unter dem verbindenden Motto \u201eVon magischen Orten und anderen wundersamen Dingen\u201c zeigt der Kunstverein Stade im Rahmen einer Doppel-Austellung vom 7. April bis 1. Mai 2019 im Kunstpunkt Schleusenhaus auch Arbeiten der Jorker Fotografin Petra Albers, geschaffen mit der Infrarot-Kamera.<\/p>","protected":false},"author":3,"featured_media":3938,"comment_status":"closed","ping_status":"closed","sticky":false,"template":"","format":"standard","meta":[],"categories":[358],"tags":[244,281],"_links":{"self":[{"href":"https:\/\/irrecams.de\/staging\/en\/wp-json\/wp\/v2\/posts\/3935"}],"collection":[{"href":"https:\/\/irrecams.de\/staging\/en\/wp-json\/wp\/v2\/posts"}],"about":[{"href":"https:\/\/irrecams.de\/staging\/en\/wp-json\/wp\/v2\/types\/post"}],"author":[{"embeddable":true,"href":"https:\/\/irrecams.de\/staging\/en\/wp-json\/wp\/v2\/users\/3"}],"replies":[{"embeddable":true,"href":"https:\/\/irrecams.de\/staging\/en\/wp-json\/wp\/v2\/comments?post=3935"}],"version-history":[{"count":2,"href":"https:\/\/irrecams.de\/staging\/en\/wp-json\/wp\/v2\/posts\/3935\/revisions"}],"predecessor-version":[{"id":3951,"href":"https:\/\/irrecams.de\/staging\/en\/wp-json\/wp\/v2\/posts\/3935\/revisions\/3951"}],"wp:featuredmedia":[{"embeddable":true,"href":"https:\/\/irrecams.de\/staging\/en\/wp-json\/wp\/v2\/media\/3938"}],"wp:attachment":[{"href":"https:\/\/irrecams.de\/staging\/en\/wp-json\/wp\/v2\/media?parent=3935"}],"wp:term":[{"taxonomy":"category","embeddable":true,"href":"https:\/\/irrecams.de\/staging\/en\/wp-json\/wp\/v2\/categories?post=3935"},{"taxonomy":"post_tag","embeddable":true,"href":"https:\/\/irrecams.de\/staging\/en\/wp-json\/wp\/v2\/tags?post=3935"}],"curies":[{"name":"wp","href":"https:\/\/api.w.org\/{rel}","templated":true}]}}