{"id":4265,"date":"2019-09-19T17:17:56","date_gmt":"2019-09-19T15:17:56","guid":{"rendered":"http:\/\/irrecams.de\/staging\/?p=4265"},"modified":"2021-01-14T14:14:57","modified_gmt":"2021-01-14T13:14:57","slug":"ausstellung-und-vortrag-in-zingst","status":"publish","type":"post","link":"https:\/\/irrecams.de\/staging\/en\/blog\/2019\/ausstellung-und-vortrag-in-zingst\/","title":{"rendered":"Ausstellung und Vortrag in Zingst"},"content":{"rendered":"<p>Meine Ausstellung &#8222;Heimat &#8211; im besonderen Licht&#8220; ist ab dem 1. Oktober 2019 im <a rel=\"noreferrer noopener\" aria-label=\"Hotel Vier Jahreszeiten in Zingst (\u00f6ffnet in neuem Tab)\" href=\"https:\/\/www.zingst.de\/de\/veranstaltungen\/heimat-im-besonderen-licht\" target=\"_blank\">Hotel Vier Jahreszeiten in Zingst<\/a> zu sehen. Die Ausstellung zeigt einen bunten Querschnitt aus naturfotografischen Themen.  Von Pflanzen \u00fcber Insekten und Tieren hin zu Landschaften und Sternenaufnahmen ist ein breites Spektrum an Genres vertreten. Gemeinsam haben alle 31 Bilder, dass sie in Mecklenburg-Vorpommern aufgenommen wurden. Die Bilder sind bis zum 20. Februar 2020 zu sehen.<\/p>\n\n\n\n<!--more-->\n\n\n\n<figure class=\"wp-block-gallery columns-1 is-cropped wp-block-gallery-1 is-layout-flex\"><ul class=\"blocks-gallery-grid\"><li class=\"blocks-gallery-item\"><figure><a href=\"http:\/\/irrecams.de\/staging\/wp-content\/uploads\/2019\/09\/K3_00982.jpg\"><img decoding=\"async\" loading=\"lazy\" width=\"999\" height=\"665\" src=\"http:\/\/irrecams.de\/staging\/wp-content\/uploads\/2019\/09\/K3_00982.jpg\" alt=\"\" data-id=\"4266\" data-full-url=\"http:\/\/irrecams.de\/staging\/wp-content\/uploads\/2019\/09\/K3_00982.jpg\" data-link=\"http:\/\/irrecams.de\/staging\/blog\/2019\/09\/ausstellung-und-vortrag-in-zingst\/attachment\/kranich-grus-grus\/\" class=\"wp-image-4266\" srcset=\"https:\/\/irrecams.de\/staging\/wp-content\/uploads\/2019\/09\/K3_00982.jpg 999w, https:\/\/irrecams.de\/staging\/wp-content\/uploads\/2019\/09\/K3_00982-300x200.jpg 300w, https:\/\/irrecams.de\/staging\/wp-content\/uploads\/2019\/09\/K3_00982-768x511.jpg 768w, https:\/\/irrecams.de\/staging\/wp-content\/uploads\/2019\/09\/K3_00982-350x233.jpg 350w\" sizes=\"(max-width: 767px) 89vw, (max-width: 1000px) 54vw, (max-width: 1071px) 543px, 580px\" \/><\/a><\/figure><\/li><\/ul><\/figure>\n\n\n\n<p>Anl\u00e4sslich zum &#8222;Tag des Fotobuches&#8220; in Zingst werde ich zusammen mit 2 weiteren Fotografen eine lockere Vortragsrunde im Max H\u00fcnten Haus in Zingst halten. Jeder Fotograf stellt ein neues Werk vor und erz\u00e4hlt ein wenig \u00fcber seine Arbeit. Ich werde meinen R\u00fcgen Kalender dort pr\u00e4sentieren, welcher in K\u00fcrze auch bestellt werden kann. Der Eintritt zum Tag des Fotobuches ist frei und ich w\u00fcrde mich freuen euch am 02.10. um 11 Uhr in Zingst zu treffen!<\/p>","protected":false},"excerpt":{"rendered":"<p>Meine Ausstellung &#8222;Heimat &#8211; im besonderen Licht&#8220; ist ab dem 1. Oktober 2019 im Hotel Vier Jahreszeiten in Zingst zu sehen. Die Ausstellung zeigt einen bunten Querschnitt aus naturfotografischen Themen. Von Pflanzen \u00fcber Insekten und Tieren hin zu Landschaften und Sternenaufnahmen ist ein breites Spektrum an Genres vertreten. Gemeinsam haben alle 31 Bilder, dass sie &hellip; <\/p>\n<p class=\"link-more\"><a href=\"https:\/\/irrecams.de\/staging\/en\/blog\/2019\/ausstellung-und-vortrag-in-zingst\/\" class=\"more-link\">Continue reading<span class=\"screen-reader-text\"> &#8222;Ausstellung und Vortrag in Zingst&#8220;<\/span><\/a><\/p>","protected":false},"author":1,"featured_media":4266,"comment_status":"closed","ping_status":"closed","sticky":false,"template":"","format":"standard","meta":[],"categories":[3],"tags":[],"_links":{"self":[{"href":"https:\/\/irrecams.de\/staging\/en\/wp-json\/wp\/v2\/posts\/4265"}],"collection":[{"href":"https:\/\/irrecams.de\/staging\/en\/wp-json\/wp\/v2\/posts"}],"about":[{"href":"https:\/\/irrecams.de\/staging\/en\/wp-json\/wp\/v2\/types\/post"}],"author":[{"embeddable":true,"href":"https:\/\/irrecams.de\/staging\/en\/wp-json\/wp\/v2\/users\/1"}],"replies":[{"embeddable":true,"href":"https:\/\/irrecams.de\/staging\/en\/wp-json\/wp\/v2\/comments?post=4265"}],"version-history":[{"count":2,"href":"https:\/\/irrecams.de\/staging\/en\/wp-json\/wp\/v2\/posts\/4265\/revisions"}],"predecessor-version":[{"id":6204,"href":"https:\/\/irrecams.de\/staging\/en\/wp-json\/wp\/v2\/posts\/4265\/revisions\/6204"}],"wp:featuredmedia":[{"embeddable":true,"href":"https:\/\/irrecams.de\/staging\/en\/wp-json\/wp\/v2\/media\/4266"}],"wp:attachment":[{"href":"https:\/\/irrecams.de\/staging\/en\/wp-json\/wp\/v2\/media?parent=4265"}],"wp:term":[{"taxonomy":"category","embeddable":true,"href":"https:\/\/irrecams.de\/staging\/en\/wp-json\/wp\/v2\/categories?post=4265"},{"taxonomy":"post_tag","embeddable":true,"href":"https:\/\/irrecams.de\/staging\/en\/wp-json\/wp\/v2\/tags?post=4265"}],"curies":[{"name":"wp","href":"https:\/\/api.w.org\/{rel}","templated":true}]}}