{"id":4500,"date":"2019-11-22T18:57:08","date_gmt":"2019-11-22T17:57:08","guid":{"rendered":"http:\/\/irrecams.de\/staging\/?p=4500"},"modified":"2020-04-15T08:23:28","modified_gmt":"2020-04-15T06:23:28","slug":"infrarot-panorama-fotografie","status":"publish","type":"post","link":"https:\/\/irrecams.de\/staging\/en\/blog\/guest\/2019\/infrarot-panorama-fotografie\/","title":{"rendered":"Infrarot Panorama Fotografie"},"content":{"rendered":"<p class=\"has-text-align-right\"><strong>Text und Fotos: Alexander Kapp<\/strong><\/p>\n\n\n\n<p> Als ich 2018 mit der Infrarot-Fotografie anfing, hatte ich mich noch nicht viel mit dieser fotografischen Nische besch\u00e4ftigt. Ich war im Internet \u00fcber einige Fotos gestolpert, die mir gut gefallen hatten, und wie mit vielen interessanten Techniken hatte ich das Bed\u00fcrfnis, mich selbst daran zu versuchen.  <\/p>\n\n\n\n<!--more-->\n\n\n\n<p>Nach einiger Recherche beschloss ich, zuerst eine alte Olympus-Spiegelreflex, die im Keller verstaubte, selbst umzubauen. Diese Bastelei war recht nervenaufreibend. Ich bestellte ein hochwertiges Kronglas im richtigen Zuschnitt, ersetzte damit den Infrarot-Sperrfilter vor dem Sensor und setzte Infrarotfilter vor das Objektiv. Das Ergebnis konnte sich sehen lassen, und einige dieser IR-Fotos sind noch in meinem aktuellen &#8222;Portfolio&#8220; zu finden. Schnell st\u00f6rten mich an der vergleichsweise alten Kamera jedoch der fehleranf\u00e4llige Autofokus, die wenigen Einstellungsm\u00f6glichkeiten, die Unnutzbarkeit des optischen Suchers und die geringe Aufl\u00f6sung. Ich entschied mich f\u00fcr einen professionellen Umbau durch IRreCams und nutze seither mit anhaltender Begeisterung eine auf 630nm umgebaute Sony-Systemkamera.<\/p>\n\n\n\n<figure class=\"wp-block-image size-large\"><a href=\"http:\/\/irrecams.de\/staging\/wp-content\/uploads\/2019\/11\/schwyzpan_online.jpg\"><img decoding=\"async\" loading=\"lazy\" width=\"1024\" height=\"439\" src=\"http:\/\/irrecams.de\/staging\/wp-content\/uploads\/2019\/11\/schwyzpan_online-1024x439.jpg\" alt=\"Infrarot Panorama Schwyz in Farbe\" class=\"wp-image-4503\" srcset=\"https:\/\/irrecams.de\/staging\/wp-content\/uploads\/2019\/11\/schwyzpan_online-1024x439.jpg 1024w, https:\/\/irrecams.de\/staging\/wp-content\/uploads\/2019\/11\/schwyzpan_online-300x129.jpg 300w, https:\/\/irrecams.de\/staging\/wp-content\/uploads\/2019\/11\/schwyzpan_online-768x329.jpg 768w, https:\/\/irrecams.de\/staging\/wp-content\/uploads\/2019\/11\/schwyzpan_online-1536x658.jpg 1536w, https:\/\/irrecams.de\/staging\/wp-content\/uploads\/2019\/11\/schwyzpan_online-350x150.jpg 350w, https:\/\/irrecams.de\/staging\/wp-content\/uploads\/2019\/11\/schwyzpan_online.jpg 2000w\" sizes=\"(max-width: 767px) 89vw, (max-width: 1000px) 54vw, (max-width: 1071px) 543px, 580px\" \/><\/a><\/figure>\n\n\n\n<p>Diese Wellenl\u00e4nge l\u00e4sst mir genug Spielraum, um noch etwas Farbe &#8222;einzufangen&#8220;. Wenn mir der Sinn nach monochrom steht bearbeite ich die Bilder entsprechend oder setze noch einen langwelligeren Filter davor. Besondere Freude bereiten mir Panoramen, wobei meine Bilder vorwiegend in kr\u00e4ftigem Gelb oder Rot gehalten sind. <\/p>\n\n\n\n<p>Einige meiner sch\u00f6nsten Infrarot-Fotos finden Sie auf: <a rel=\"noreferrer noopener\" aria-label=\"alexanderkapp.de (\u00f6ffnet in einem neuem Tab)\" href=\"http:\/\/www.alexanderkapp.de\" target=\"_blank\">alexanderkapp.de<\/a> und auf <a href=\"https:\/\/www.instagram.com\/ir.bnw\/\" target=\"_blank\" rel=\"noreferrer noopener\" aria-label=\"Instagram (\u00f6ffnet in einem neuem Tab)\">Instagram<\/a><\/p>","protected":false},"excerpt":{"rendered":"<p>Text und Fotos: Alexander Kapp Als ich 2018 mit der Infrarot-Fotografie anfing, hatte ich mich noch nicht viel mit dieser fotografischen Nische besch\u00e4ftigt. Ich war im Internet \u00fcber einige Fotos gestolpert, die mir gut gefallen hatten, und wie mit vielen interessanten Techniken hatte ich das Bed\u00fcrfnis, mich selbst daran zu versuchen.<\/p>","protected":false},"author":3,"featured_media":4502,"comment_status":"closed","ping_status":"closed","sticky":false,"template":"","format":"standard","meta":[],"categories":[358],"tags":[281],"_links":{"self":[{"href":"https:\/\/irrecams.de\/staging\/en\/wp-json\/wp\/v2\/posts\/4500"}],"collection":[{"href":"https:\/\/irrecams.de\/staging\/en\/wp-json\/wp\/v2\/posts"}],"about":[{"href":"https:\/\/irrecams.de\/staging\/en\/wp-json\/wp\/v2\/types\/post"}],"author":[{"embeddable":true,"href":"https:\/\/irrecams.de\/staging\/en\/wp-json\/wp\/v2\/users\/3"}],"replies":[{"embeddable":true,"href":"https:\/\/irrecams.de\/staging\/en\/wp-json\/wp\/v2\/comments?post=4500"}],"version-history":[{"count":2,"href":"https:\/\/irrecams.de\/staging\/en\/wp-json\/wp\/v2\/posts\/4500\/revisions"}],"predecessor-version":[{"id":4511,"href":"https:\/\/irrecams.de\/staging\/en\/wp-json\/wp\/v2\/posts\/4500\/revisions\/4511"}],"wp:featuredmedia":[{"embeddable":true,"href":"https:\/\/irrecams.de\/staging\/en\/wp-json\/wp\/v2\/media\/4502"}],"wp:attachment":[{"href":"https:\/\/irrecams.de\/staging\/en\/wp-json\/wp\/v2\/media?parent=4500"}],"wp:term":[{"taxonomy":"category","embeddable":true,"href":"https:\/\/irrecams.de\/staging\/en\/wp-json\/wp\/v2\/categories?post=4500"},{"taxonomy":"post_tag","embeddable":true,"href":"https:\/\/irrecams.de\/staging\/en\/wp-json\/wp\/v2\/tags?post=4500"}],"curies":[{"name":"wp","href":"https:\/\/api.w.org\/{rel}","templated":true}]}}