{"id":553,"date":"2015-09-08T11:09:12","date_gmt":"2015-09-08T09:09:12","guid":{"rendered":"http:\/\/irrecams.de\/staging\/?p=553"},"modified":"2023-02-16T17:37:35","modified_gmt":"2023-02-16T16:37:35","slug":"neue-seite-online","status":"publish","type":"post","link":"https:\/\/irrecams.de\/staging\/en\/blog\/2015\/neue-seite-online\/","title":{"rendered":"Neue Seite online"},"content":{"rendered":"<p><a href=\"http:\/\/irrecams.de\/staging\/wp-content\/uploads\/2015\/09\/neueseite.jpg\"><img decoding=\"async\" loading=\"lazy\" src=\"http:\/\/irrecams.de\/staging\/wp-content\/uploads\/2015\/09\/neueseite-150x150.jpg\" alt=\"neueseite\" class=\"aligncenter size-thumbnail wp-image-552\" width=\"150\" height=\"150\" srcset=\"https:\/\/irrecams.de\/staging\/wp-content\/uploads\/2015\/09\/neueseite-150x150.jpg 150w, https:\/\/irrecams.de\/staging\/wp-content\/uploads\/2015\/09\/neueseite-250x250.jpg 250w, https:\/\/irrecams.de\/staging\/wp-content\/uploads\/2015\/09\/neueseite-100x100.jpg 100w\" sizes=\"(max-width: 150px) 100vw, 150px\" \/><\/a><\/p>\n<p>Nach \u00fcber einem Jahr Entwicklung und vielen vielen Verz\u00f6gerungen ist die Seite nun in einem neuen Gewand online. Neben einem frischen Design, welches auch f\u00fcr Telefone und Tablets optimiert ist, gibt es aber auch viele Neuigkeiten und Verbesserungen. So gibt es neue Kontaktm\u00f6glichkeiten direkt \u00fcber die Seite, eine detailierte Preisliste, FAQs, aktualisierte Filtervergleiche und RAW Dateien sowie einen blog der sich rund um das Thema Infrarotfotografie dreht. Ich biete nun auch direkt Infrarotfotos als Prints an, welche \u00fcber die Seite bestellt werden k\u00f6nnen.<br \/>\n<!--more--><br \/>\nIn den kommenden Tagen findet sich m\u00f6glicherweise noch der eine oder andere Fehler. \u00dcber Hinweise zu kaputten Links oder Darstellungsproblemen bin ich sehr dankbar!<\/p>\n<p>Schlie\u00dflich noch eine Anmerkung zum RSS Feed: Um immer auf dem aktuellen Stand zu bleiben (Blogeintr\u00e4ge und neue Kameras die zum Verkauf stehen) muss der Feed unebdingt neu aboniert werden. Der alte Feed ist nicht mehr vorhanden.<\/p>","protected":false},"excerpt":{"rendered":"<p>Nach \u00fcber einem Jahr Entwicklung und vielen vielen Verz\u00f6gerungen ist die Seite nun in einem neuen Gewand online. Neben einem frischen Design, welches auch f\u00fcr Telefone und Tablets optimiert ist, gibt es aber auch viele Neuigkeiten und Verbesserungen. So gibt es neue Kontaktm\u00f6glichkeiten direkt \u00fcber die Seite, eine detailierte Preisliste, FAQs, aktualisierte Filtervergleiche und RAW &hellip; <\/p>\n<p class=\"link-more\"><a href=\"https:\/\/irrecams.de\/staging\/en\/blog\/2015\/neue-seite-online\/\" class=\"more-link\">Continue reading<span class=\"screen-reader-text\"> &#8222;Neue Seite online&#8220;<\/span><\/a><\/p>","protected":false},"author":1,"featured_media":552,"comment_status":"closed","ping_status":"open","sticky":false,"template":"","format":"standard","meta":[],"categories":[3],"tags":[],"_links":{"self":[{"href":"https:\/\/irrecams.de\/staging\/en\/wp-json\/wp\/v2\/posts\/553"}],"collection":[{"href":"https:\/\/irrecams.de\/staging\/en\/wp-json\/wp\/v2\/posts"}],"about":[{"href":"https:\/\/irrecams.de\/staging\/en\/wp-json\/wp\/v2\/types\/post"}],"author":[{"embeddable":true,"href":"https:\/\/irrecams.de\/staging\/en\/wp-json\/wp\/v2\/users\/1"}],"replies":[{"embeddable":true,"href":"https:\/\/irrecams.de\/staging\/en\/wp-json\/wp\/v2\/comments?post=553"}],"version-history":[{"count":3,"href":"https:\/\/irrecams.de\/staging\/en\/wp-json\/wp\/v2\/posts\/553\/revisions"}],"predecessor-version":[{"id":9337,"href":"https:\/\/irrecams.de\/staging\/en\/wp-json\/wp\/v2\/posts\/553\/revisions\/9337"}],"wp:featuredmedia":[{"embeddable":true,"href":"https:\/\/irrecams.de\/staging\/en\/wp-json\/wp\/v2\/media\/552"}],"wp:attachment":[{"href":"https:\/\/irrecams.de\/staging\/en\/wp-json\/wp\/v2\/media?parent=553"}],"wp:term":[{"taxonomy":"category","embeddable":true,"href":"https:\/\/irrecams.de\/staging\/en\/wp-json\/wp\/v2\/categories?post=553"},{"taxonomy":"post_tag","embeddable":true,"href":"https:\/\/irrecams.de\/staging\/en\/wp-json\/wp\/v2\/tags?post=553"}],"curies":[{"name":"wp","href":"https:\/\/api.w.org\/{rel}","templated":true}]}}