{"id":7245,"date":"2021-07-13T15:27:59","date_gmt":"2021-07-13T13:27:59","guid":{"rendered":"http:\/\/irrecams.de\/staging\/?p=7245"},"modified":"2021-07-13T15:44:35","modified_gmt":"2021-07-13T13:44:35","slug":"kostenloses-infrarot-webinar","status":"publish","type":"post","link":"https:\/\/irrecams.de\/staging\/en\/blog\/2021\/free-infrared-webinar\/","title":{"rendered":"Free Infrared Webinar"},"content":{"rendered":"<p>I am pleased to give a webinar on <a href=\"https:\/\/irrecams.de\/staging\/en\/infrared-photography\/\" data-type=\"page\" data-id=\"28\">Infrared Photography<\/a> on July 27 at 7pm (in German language only).  The online seminar is organized by <a href=\"https:\/\/www.fuji-store.de\" target=\"_blank\" rel=\"noreferrer noopener\">Fuji-Store.de<\/a> in N\u00fcrnberg and anyone can <a href=\"https:\/\/www.fuji-store.de\/p\/online-workshop-am-27-07-2021-oder-infrarot-fotografie-mit-fuji-x-kameras-mit-irrecams\" target=\"_blank\" rel=\"noreferrer noopener\">register for free<\/a>. The seminar is not exclusively aimed at Fuji photographers and is interesting for infrared beginners of all camera brands.<\/p>\n\n\n\n<!--more-->\n\n\n\n<p>The online seminar is interactive and there is the possibility to ask questions. I look forward to a lively participation, best you register now so you do not miss it!<\/p>\n\n\n\n<div class=\"wp-block-buttons is-content-justification-center is-layout-flex\">\n<div class=\"wp-block-button has-custom-width wp-block-button__width-50\"><a class=\"wp-block-button__link has-vivid-red-background-color has-background\" href=\"https:\/\/www.fuji-store.de\/p\/online-workshop-am-27-07-2021-oder-infrarot-fotografie-mit-fuji-x-kameras-mit-irrecams\" style=\"border-radius:5px\" target=\"_blank\" rel=\"noreferrer noopener\">Register Now<\/a><\/div>\n<\/div>\n\n\n\n<p><\/p>","protected":false},"excerpt":{"rendered":"<p>Ich freue mich am 27. Juli um 19 Uhr ein Webinar zum Thema Infrarot Fotografie geben zu d\u00fcrfen. Das Onlineseminar wird von Fuji-Store.de in N\u00fcrnberg organisiert und es kann sich jeder kostenlos anmelden. Das Seminar richtet sich dabei nicht ausschlie\u00dflich an Fuji Fotografen und ist f\u00fcr Infrarot Einsteiger aller Kameramarken interessant.<\/p>","protected":false},"author":1,"featured_media":7247,"comment_status":"closed","ping_status":"closed","sticky":false,"template":"","format":"standard","meta":[],"categories":[3],"tags":[],"_links":{"self":[{"href":"https:\/\/irrecams.de\/staging\/en\/wp-json\/wp\/v2\/posts\/7245"}],"collection":[{"href":"https:\/\/irrecams.de\/staging\/en\/wp-json\/wp\/v2\/posts"}],"about":[{"href":"https:\/\/irrecams.de\/staging\/en\/wp-json\/wp\/v2\/types\/post"}],"author":[{"embeddable":true,"href":"https:\/\/irrecams.de\/staging\/en\/wp-json\/wp\/v2\/users\/1"}],"replies":[{"embeddable":true,"href":"https:\/\/irrecams.de\/staging\/en\/wp-json\/wp\/v2\/comments?post=7245"}],"version-history":[{"count":4,"href":"https:\/\/irrecams.de\/staging\/en\/wp-json\/wp\/v2\/posts\/7245\/revisions"}],"predecessor-version":[{"id":7253,"href":"https:\/\/irrecams.de\/staging\/en\/wp-json\/wp\/v2\/posts\/7245\/revisions\/7253"}],"wp:featuredmedia":[{"embeddable":true,"href":"https:\/\/irrecams.de\/staging\/en\/wp-json\/wp\/v2\/media\/7247"}],"wp:attachment":[{"href":"https:\/\/irrecams.de\/staging\/en\/wp-json\/wp\/v2\/media?parent=7245"}],"wp:term":[{"taxonomy":"category","embeddable":true,"href":"https:\/\/irrecams.de\/staging\/en\/wp-json\/wp\/v2\/categories?post=7245"},{"taxonomy":"post_tag","embeddable":true,"href":"https:\/\/irrecams.de\/staging\/en\/wp-json\/wp\/v2\/tags?post=7245"}],"curies":[{"name":"wp","href":"https:\/\/api.w.org\/{rel}","templated":true}]}}