{"id":7934,"date":"2022-03-22T20:42:21","date_gmt":"2022-03-22T19:42:21","guid":{"rendered":"http:\/\/irrecams.de\/staging\/?p=7934"},"modified":"2022-03-22T20:49:26","modified_gmt":"2022-03-22T19:49:26","slug":"infrarot-workshops-2022","status":"publish","type":"post","link":"https:\/\/irrecams.de\/staging\/en\/blog\/2022\/infrared-workshops-2022\/","title":{"rendered":"Infrared Workshops 2022"},"content":{"rendered":"<p>I have hesitated and waited for a long time, but now the Corona situation seems to relax and I consider the workshops in July sufficiently safe to plan. Both in the north and in the south of Germany there are dates that can be booked now. The Workshops are teached in German language only.<\/p>\n\n\n\n<p>The workshops are aimed at beginners and advanced infrared photography, basic photographic knowledge is assumed. Having your own infrared camera is a great advantage, but not a must. Those who do not yet own a camera, or would like to try a different model, have the opportunity to borrow a device for the duration of the workshop.<\/p>","protected":false},"excerpt":{"rendered":"<p>Ich habe lange gez\u00f6gert und gewartet, doch nun scheint die Corona Situation sich zu entspannen und ich halte die Workshops im Juli f\u00fcr ausreichend sicher planbar. Sowohl im Norden als auch im S\u00fcden Deutschlands gibt es Termine, die ab sofort buchbar sind. Die Workshops richten sich an Einsteiger und Fortgeschrittene in der Infrarotfotografie, grundlegende fotografische &hellip; <\/p>\n<p class=\"link-more\"><a href=\"https:\/\/irrecams.de\/staging\/en\/blog\/2022\/infrared-workshops-2022\/\" class=\"more-link\">Continue reading<span class=\"screen-reader-text\"> &#8222;Infrarot Workshops 2022&#8220;<\/span><\/a><\/p>","protected":false},"author":1,"featured_media":7871,"comment_status":"closed","ping_status":"closed","sticky":false,"template":"","format":"standard","meta":[],"categories":[3],"tags":[],"_links":{"self":[{"href":"https:\/\/irrecams.de\/staging\/en\/wp-json\/wp\/v2\/posts\/7934"}],"collection":[{"href":"https:\/\/irrecams.de\/staging\/en\/wp-json\/wp\/v2\/posts"}],"about":[{"href":"https:\/\/irrecams.de\/staging\/en\/wp-json\/wp\/v2\/types\/post"}],"author":[{"embeddable":true,"href":"https:\/\/irrecams.de\/staging\/en\/wp-json\/wp\/v2\/users\/1"}],"replies":[{"embeddable":true,"href":"https:\/\/irrecams.de\/staging\/en\/wp-json\/wp\/v2\/comments?post=7934"}],"version-history":[{"count":2,"href":"https:\/\/irrecams.de\/staging\/en\/wp-json\/wp\/v2\/posts\/7934\/revisions"}],"predecessor-version":[{"id":7936,"href":"https:\/\/irrecams.de\/staging\/en\/wp-json\/wp\/v2\/posts\/7934\/revisions\/7936"}],"wp:featuredmedia":[{"embeddable":true,"href":"https:\/\/irrecams.de\/staging\/en\/wp-json\/wp\/v2\/media\/7871"}],"wp:attachment":[{"href":"https:\/\/irrecams.de\/staging\/en\/wp-json\/wp\/v2\/media?parent=7934"}],"wp:term":[{"taxonomy":"category","embeddable":true,"href":"https:\/\/irrecams.de\/staging\/en\/wp-json\/wp\/v2\/categories?post=7934"},{"taxonomy":"post_tag","embeddable":true,"href":"https:\/\/irrecams.de\/staging\/en\/wp-json\/wp\/v2\/tags?post=7934"}],"curies":[{"name":"wp","href":"https:\/\/api.w.org\/{rel}","templated":true}]}}