{"id":820,"date":"2016-10-24T14:40:35","date_gmt":"2016-10-24T12:40:35","guid":{"rendered":"http:\/\/irrecams.de\/staging\/?p=820"},"modified":"2021-01-14T14:06:25","modified_gmt":"2021-01-14T13:06:25","slug":"mit-der-nex-7-durch-norwegen","status":"publish","type":"post","link":"https:\/\/irrecams.de\/staging\/en\/blog\/guest\/2016\/mit-der-nex-7-durch-norwegen\/","title":{"rendered":"Mit der NEX-7 durch Norwegen"},"content":{"rendered":"<p>Ralph Altmann ist Fotograf und Journalist und als freier Autor f\u00fcr die Zeitschrift c&#8217;t Digitale Fotografie t\u00e4tig. Er war dieses Jahr mit einer undefiniert umgebauten Sony NEX 7 in Norwegen unterwegs.<\/p>\n<figure id=\"attachment_816\" aria-describedby=\"caption-attachment-816\" style=\"width: 150px\" class=\"wp-caption aligncenter\"><a href=\"http:\/\/irrecams.de\/staging\/wp-content\/uploads\/2016\/10\/Alter-Bauernhof-160728-0436-Pano.jpg\"><img decoding=\"async\" loading=\"lazy\" class=\"size-thumbnail wp-image-816\" src=\"http:\/\/irrecams.de\/staging\/wp-content\/uploads\/2016\/10\/Alter-Bauernhof-160728-0436-Pano-150x150.jpg\" alt=\"\u00a9Ralph Altmann\" width=\"150\" height=\"150\" srcset=\"https:\/\/irrecams.de\/staging\/wp-content\/uploads\/2016\/10\/Alter-Bauernhof-160728-0436-Pano-150x150.jpg 150w, https:\/\/irrecams.de\/staging\/wp-content\/uploads\/2016\/10\/Alter-Bauernhof-160728-0436-Pano-250x250.jpg 250w, https:\/\/irrecams.de\/staging\/wp-content\/uploads\/2016\/10\/Alter-Bauernhof-160728-0436-Pano-100x100.jpg 100w\" sizes=\"(max-width: 150px) 100vw, 150px\" \/><\/a><figcaption id=\"caption-attachment-816\" class=\"wp-caption-text\">Alter Bauernhof<\/figcaption><\/figure>\n<p>Eine Sony Nex-7 mit ausgebautem IR-Sperrfilter begleitete mich im August auf einer Reise durch Norwegen. Dieser \u201eundefinierte\u201c Umbau erlaubt es, sowohl normale Farbfotos als auch IR-Fotos zu machen. F\u00fcr die normalen Fotos kommt ein IR-Sperrfilter vor das Objektiv (ich verwendete B+W 486 UV IR cut von Schneider Kreuznach), f\u00fcr die IR-Fotos ein IR-Passfilter, der das sichtbare Licht aussperrt. Hier verwendete ich meist den \u201e092 Infrarotfilter 695\u201c ebenfalls von B+W. Der elektronische Sucher der Nex-7 erwies sich bei den Aufnahmen als sehr hilfreich, denn bei tiefstehender Sonne im R\u00fccken sieht man im Display meist kaum etwas. Au\u00dferdem funktioniert der benutzerdefinierte Wei\u00dfabgleich auch im IR-Bereich, so dass man im Sucher kein stark rotstichiges, sondern ein Quasi-Graustufenbild sieht, was sich gut beurteilen l\u00e4sst.<\/p>\n<p>Die IR-Fotos setze ich sp\u00e4ter im Computer je nach Motiv in Schwarzwei\u00dfbilder oder \u2013 mit Kanaltausch und etwas Nachbearbeitung \u2013 in Farbbilder um. Wirklich nat\u00fcrliche Farben erh\u00e4lt man damit nicht, aber oft sehr stimmungsvolle Bilder. Um die Vorteile des IR-Fotos, zum Beispiel die gute Fernsicht und den hohen Kontrast, mit den gewohnten Farben zu verbinden, muss man ein IR-Foto und ein normales Foto vom gleichen Motiv machen und diese sp\u00e4ter kombinieren. Das lie\u00df sich mit der umgebauten Nex-7 durch einfachen Filterwechsel relativ leicht realisieren. Ein Beispiel f\u00fcr den hyperrealistischen Look, der sich mit dieser Technik erzielen l\u00e4sst, finden Sie zum Abschluss der Bilderserie. Im aktuellen Heft der c\u2019t Digitale Fotografie (Heft 6\/2016) erkl\u00e4re ich alles Wissenswerte rund um die Aufnahmetechnik und die Nachbearbeitung mit Lightroom und Photoshop.<\/p>\n<figure id=\"attachment_818\" aria-describedby=\"caption-attachment-818\" style=\"width: 150px\" class=\"wp-caption aligncenter\"><a href=\"http:\/\/irrecams.de\/staging\/wp-content\/uploads\/2016\/10\/Morgennebel-160726-0324.jpg\"><img decoding=\"async\" loading=\"lazy\" class=\"size-thumbnail wp-image-818\" src=\"http:\/\/irrecams.de\/staging\/wp-content\/uploads\/2016\/10\/Morgennebel-160726-0324-150x150.jpg\" alt=\"\u00a9Ralph Altmann\" width=\"150\" height=\"150\" srcset=\"https:\/\/irrecams.de\/staging\/wp-content\/uploads\/2016\/10\/Morgennebel-160726-0324-150x150.jpg 150w, https:\/\/irrecams.de\/staging\/wp-content\/uploads\/2016\/10\/Morgennebel-160726-0324-250x250.jpg 250w, https:\/\/irrecams.de\/staging\/wp-content\/uploads\/2016\/10\/Morgennebel-160726-0324-100x100.jpg 100w\" sizes=\"(max-width: 150px) 100vw, 150px\" \/><\/a><figcaption id=\"caption-attachment-818\" class=\"wp-caption-text\">Morgennebel<\/figcaption><\/figure>\n<figure id=\"attachment_819\" aria-describedby=\"caption-attachment-819\" style=\"width: 150px\" class=\"wp-caption aligncenter\"><a href=\"http:\/\/irrecams.de\/staging\/wp-content\/uploads\/2016\/10\/Wie-gemalt-160722-0136.jpg\"><img decoding=\"async\" loading=\"lazy\" class=\"size-thumbnail wp-image-819\" src=\"http:\/\/irrecams.de\/staging\/wp-content\/uploads\/2016\/10\/Wie-gemalt-160722-0136-150x150.jpg\" alt=\"\u00a9Ralph Altmann\" width=\"150\" height=\"150\" srcset=\"https:\/\/irrecams.de\/staging\/wp-content\/uploads\/2016\/10\/Wie-gemalt-160722-0136-150x150.jpg 150w, https:\/\/irrecams.de\/staging\/wp-content\/uploads\/2016\/10\/Wie-gemalt-160722-0136-250x250.jpg 250w, https:\/\/irrecams.de\/staging\/wp-content\/uploads\/2016\/10\/Wie-gemalt-160722-0136-100x100.jpg 100w\" sizes=\"(max-width: 150px) 100vw, 150px\" \/><\/a><figcaption id=\"caption-attachment-819\" class=\"wp-caption-text\">Wie gemalt<\/figcaption><\/figure>\n<figure id=\"attachment_815\" aria-describedby=\"caption-attachment-815\" style=\"width: 150px\" class=\"wp-caption aligncenter\"><a href=\"http:\/\/irrecams.de\/staging\/wp-content\/uploads\/2016\/10\/Abendsonne-am-See-160724-0297.jpg\"><img decoding=\"async\" loading=\"lazy\" class=\"size-thumbnail wp-image-815\" src=\"http:\/\/irrecams.de\/staging\/wp-content\/uploads\/2016\/10\/Abendsonne-am-See-160724-0297-150x150.jpg\" alt=\"\u00a9Ralph Altmann\" width=\"150\" height=\"150\" srcset=\"https:\/\/irrecams.de\/staging\/wp-content\/uploads\/2016\/10\/Abendsonne-am-See-160724-0297-150x150.jpg 150w, https:\/\/irrecams.de\/staging\/wp-content\/uploads\/2016\/10\/Abendsonne-am-See-160724-0297-250x250.jpg 250w, https:\/\/irrecams.de\/staging\/wp-content\/uploads\/2016\/10\/Abendsonne-am-See-160724-0297-100x100.jpg 100w\" sizes=\"(max-width: 150px) 100vw, 150px\" \/><\/a><figcaption id=\"caption-attachment-815\" class=\"wp-caption-text\">Abendsonne am See<\/figcaption><\/figure>\n<figure id=\"attachment_817\" aria-describedby=\"caption-attachment-817\" style=\"width: 150px\" class=\"wp-caption aligncenter\"><a href=\"http:\/\/irrecams.de\/staging\/wp-content\/uploads\/2016\/10\/In-die-Berge-160804-103016492.jpg\"><img decoding=\"async\" loading=\"lazy\" class=\"size-thumbnail wp-image-817\" src=\"http:\/\/irrecams.de\/staging\/wp-content\/uploads\/2016\/10\/In-die-Berge-160804-103016492-150x150.jpg\" alt=\"\u00a9Ralph Altmann\" width=\"150\" height=\"150\" srcset=\"https:\/\/irrecams.de\/staging\/wp-content\/uploads\/2016\/10\/In-die-Berge-160804-103016492-150x150.jpg 150w, https:\/\/irrecams.de\/staging\/wp-content\/uploads\/2016\/10\/In-die-Berge-160804-103016492-250x250.jpg 250w, https:\/\/irrecams.de\/staging\/wp-content\/uploads\/2016\/10\/In-die-Berge-160804-103016492-100x100.jpg 100w\" sizes=\"(max-width: 150px) 100vw, 150px\" \/><\/a><figcaption id=\"caption-attachment-817\" class=\"wp-caption-text\">In die Berge (Kombination Farbfoto + IR-Foto)<\/figcaption><\/figure>\n<p>Text und Fotos \u00a9Ralph Altmann. Ein aktueller Bericht zur IR Fotografie ist wie gesagt in der <a href=\"https:\/\/shop.heise.de\/katalog\/ct-digitale-fotografie-6-2016\" target=\"_blank\" rel=\"noopener noreferrer\">aktuellen c&#8217;t Digitale Fotografie<\/a> erschienen. Mehr Fotos, Artikel zur Fotografie und Bildbearbeitung und n\u00fctzliche Werkzeuge findet ihr hier:<\/p>\n<ul>\n<li><a href=\"http:\/\/www.ralphaltmann.de\" target=\"_blank\" rel=\"noopener noreferrer\">www.ralphaltmann.de<\/a><\/li>\n<li><a href=\"http:\/\/www.simpelfilter.de\" target=\"_blank\" rel=\"noopener noreferrer\">www.simpelfilter.de<\/a><\/li>\n<\/ul>","protected":false},"excerpt":{"rendered":"<p>Ralph Altmann ist Fotograf und Journalist und als freier Autor f\u00fcr die Zeitschrift c&#8217;t Digitale Fotografie t\u00e4tig. Er war dieses Jahr mit einer undefiniert umgebauten Sony NEX 7 in Norwegen unterwegs. Eine Sony Nex-7 mit ausgebautem IR-Sperrfilter begleitete mich im August auf einer Reise durch Norwegen. Dieser \u201eundefinierte\u201c Umbau erlaubt es, sowohl normale Farbfotos als &hellip; <\/p>\n<p class=\"link-more\"><a href=\"https:\/\/irrecams.de\/staging\/en\/blog\/guest\/2016\/mit-der-nex-7-durch-norwegen\/\" class=\"more-link\">Continue reading<span class=\"screen-reader-text\"> &#8222;Mit der NEX-7 durch Norwegen&#8220;<\/span><\/a><\/p>","protected":false},"author":3,"featured_media":0,"comment_status":"closed","ping_status":"closed","sticky":false,"template":"","format":"standard","meta":[],"categories":[358],"tags":[281],"_links":{"self":[{"href":"https:\/\/irrecams.de\/staging\/en\/wp-json\/wp\/v2\/posts\/820"}],"collection":[{"href":"https:\/\/irrecams.de\/staging\/en\/wp-json\/wp\/v2\/posts"}],"about":[{"href":"https:\/\/irrecams.de\/staging\/en\/wp-json\/wp\/v2\/types\/post"}],"author":[{"embeddable":true,"href":"https:\/\/irrecams.de\/staging\/en\/wp-json\/wp\/v2\/users\/3"}],"replies":[{"embeddable":true,"href":"https:\/\/irrecams.de\/staging\/en\/wp-json\/wp\/v2\/comments?post=820"}],"version-history":[{"count":2,"href":"https:\/\/irrecams.de\/staging\/en\/wp-json\/wp\/v2\/posts\/820\/revisions"}],"predecessor-version":[{"id":6197,"href":"https:\/\/irrecams.de\/staging\/en\/wp-json\/wp\/v2\/posts\/820\/revisions\/6197"}],"wp:attachment":[{"href":"https:\/\/irrecams.de\/staging\/en\/wp-json\/wp\/v2\/media?parent=820"}],"wp:term":[{"taxonomy":"category","embeddable":true,"href":"https:\/\/irrecams.de\/staging\/en\/wp-json\/wp\/v2\/categories?post=820"},{"taxonomy":"post_tag","embeddable":true,"href":"https:\/\/irrecams.de\/staging\/en\/wp-json\/wp\/v2\/tags?post=820"}],"curies":[{"name":"wp","href":"https:\/\/api.w.org\/{rel}","templated":true}]}}