{"id":924,"date":"2017-05-29T22:20:58","date_gmt":"2017-05-29T20:20:58","guid":{"rendered":"http:\/\/irrecams.de\/staging\/?p=924"},"modified":"2022-06-26T18:26:33","modified_gmt":"2022-06-26T16:26:33","slug":"ausstellung-jacques-kohler","status":"publish","type":"post","link":"https:\/\/irrecams.de\/staging\/en\/blog\/guest\/2017\/ausstellung-jacques-kohler\/","title":{"rendered":"Ausstellung Jacques Kohler"},"content":{"rendered":"<h3>Ausstellung &#8218;&gt; 660NM&#8216; in Erlangen, Mittelfranken<\/h3>\n<h4>vom 4.5. &#8211; 26.6.2017<\/h4>\n<p>Nach meiner ersten Ausstellung letzten Jahres war auf der Suche nach einem neuen Thema. Da ich seit Anfang 2015 eine Nikon 1 als Infrarot habe umbauen lassen, war das Thema Infrarot pr\u00e4destiniert daf\u00fcr.<br \/>\nDa ich auf Grund Einbauten von Nikon am Sensor (die sich bei reinem Infrarot als 7 horizontale Streifen darstellten) gezwungen war einen Filter mit sichtbarem Licht zu verwenden, war der Titel &#8222;&gt; 660nm&#8220; nur logisch.<br \/>\n<!--more--><\/p>\n<p>Die Bilder sind meist im Urlaub entstanden. Durch die zus\u00e4tzliche Rotstrahlung muss man die Bilder dann noch mittels Kanaltausch (rot mit blau) und einem gezielten Wei\u00dfabgleich bearbeiten, so dass man ein vorzeigbares Farbinfrarot bekommt.<\/p>\n<p>Die Faszination der neuen Sichtweise, dass die Objekte, die besonders viel Infrarot abstrahlen nicht unbedingt die Objekte sind, die in echt besonders herausstechen, macht die Sache spannend. Ansonsten k\u00f6nnte man im Affinity (seit diesem Jahr begeisterter Nutzer, nie wieder Photoshop  ) ja auch einfach gr\u00fcn gegen gelb tauschen.<\/p>\n<p>Da man nun nicht mehr eine Entscheidungshilfe durch die normale Sehgewohnheit hat, kann man nie sicher sein, ob das Foto den gew\u00fcnschten Effekt hat. Man merkt erst beim &#8222;Entwickeln&#8220;, ob ein Foto gut ist, oder nicht. Die besten Fotos, die seit 2015 dabei herauskamen, habe ich f\u00fcr die Ausstellung ausgesucht.<\/p>\n<h3>Informationen zur Ausstellung<\/h3>\n<p><a href=\"http:\/\/www.jacqueskohler.de\/ex02\" target=\"_blank\" rel=\"noopener noreferrer\">http:\/\/www.jacqueskohler.de<\/a><br \/>\nFoyer der Erlanger Stadtwerke<br \/>\n\u00c4u\u00dfere Brucker Stra\u00dfe 33<br \/>\n91052 Erlangen<\/p>\n<p><b>\u00d6ffnungszeiten<\/b><br \/>\nMo.-Do. 8:00 Uhr &#8211; 16:30 Uhr<br \/>\nFr. 8:00 Uhr &#8211; 14:30 Uhr<\/p>\n<p><a href=\"http:\/\/irrecams.de\/staging\/wp-content\/uploads\/2017\/05\/JoshuaTree.jpg\"><img decoding=\"async\" loading=\"lazy\" src=\"http:\/\/irrecams.de\/staging\/wp-content\/uploads\/2017\/05\/JoshuaTree-150x150.jpg\" alt=\"\" class=\"aligncenter size-thumbnail wp-image-928\" width=\"150\" height=\"150\" srcset=\"https:\/\/irrecams.de\/staging\/wp-content\/uploads\/2017\/05\/JoshuaTree-150x150.jpg 150w, https:\/\/irrecams.de\/staging\/wp-content\/uploads\/2017\/05\/JoshuaTree-250x250.jpg 250w, https:\/\/irrecams.de\/staging\/wp-content\/uploads\/2017\/05\/JoshuaTree-100x100.jpg 100w\" sizes=\"(max-width: 150px) 100vw, 150px\" \/><\/a><\/p>\n<p><a href=\"http:\/\/irrecams.de\/staging\/wp-content\/uploads\/2017\/05\/RockyMountains.jpg\"><img decoding=\"async\" loading=\"lazy\" src=\"http:\/\/irrecams.de\/staging\/wp-content\/uploads\/2017\/05\/RockyMountains-150x150.jpg\" alt=\"\" class=\"aligncenter size-thumbnail wp-image-929\" width=\"150\" height=\"150\" srcset=\"https:\/\/irrecams.de\/staging\/wp-content\/uploads\/2017\/05\/RockyMountains-150x150.jpg 150w, https:\/\/irrecams.de\/staging\/wp-content\/uploads\/2017\/05\/RockyMountains-250x250.jpg 250w, https:\/\/irrecams.de\/staging\/wp-content\/uploads\/2017\/05\/RockyMountains-100x100.jpg 100w\" sizes=\"(max-width: 150px) 100vw, 150px\" \/><\/a><\/p>\n<p><a href=\"http:\/\/irrecams.de\/staging\/wp-content\/uploads\/2017\/05\/SydneyOpera.jpg\"><img decoding=\"async\" loading=\"lazy\" src=\"http:\/\/irrecams.de\/staging\/wp-content\/uploads\/2017\/05\/SydneyOpera-150x150.jpg\" alt=\"\" class=\"aligncenter size-thumbnail wp-image-930\" width=\"150\" height=\"150\" srcset=\"https:\/\/irrecams.de\/staging\/wp-content\/uploads\/2017\/05\/SydneyOpera-150x150.jpg 150w, https:\/\/irrecams.de\/staging\/wp-content\/uploads\/2017\/05\/SydneyOpera-250x250.jpg 250w, https:\/\/irrecams.de\/staging\/wp-content\/uploads\/2017\/05\/SydneyOpera-100x100.jpg 100w\" sizes=\"(max-width: 150px) 100vw, 150px\" \/><\/a><\/p>","protected":false},"excerpt":{"rendered":"<p>Ausstellung &#8218;&gt; 660NM&#8216; in Erlangen, Mittelfranken vom 4.5. &#8211; 26.6.2017 Nach meiner ersten Ausstellung letzten Jahres war auf der Suche nach einem neuen Thema. Da ich seit Anfang 2015 eine Nikon 1 als Infrarot habe umbauen lassen, war das Thema Infrarot pr\u00e4destiniert daf\u00fcr. Da ich auf Grund Einbauten von Nikon am Sensor (die sich bei &hellip; <\/p>\n<p class=\"link-more\"><a href=\"https:\/\/irrecams.de\/staging\/en\/blog\/guest\/2017\/ausstellung-jacques-kohler\/\" class=\"more-link\">Continue reading<span class=\"screen-reader-text\"> &#8222;Ausstellung Jacques Kohler&#8220;<\/span><\/a><\/p>","protected":false},"author":3,"featured_media":930,"comment_status":"closed","ping_status":"closed","sticky":false,"template":"","format":"standard","meta":[],"categories":[358],"tags":[281],"_links":{"self":[{"href":"https:\/\/irrecams.de\/staging\/en\/wp-json\/wp\/v2\/posts\/924"}],"collection":[{"href":"https:\/\/irrecams.de\/staging\/en\/wp-json\/wp\/v2\/posts"}],"about":[{"href":"https:\/\/irrecams.de\/staging\/en\/wp-json\/wp\/v2\/types\/post"}],"author":[{"embeddable":true,"href":"https:\/\/irrecams.de\/staging\/en\/wp-json\/wp\/v2\/users\/3"}],"replies":[{"embeddable":true,"href":"https:\/\/irrecams.de\/staging\/en\/wp-json\/wp\/v2\/comments?post=924"}],"version-history":[{"count":3,"href":"https:\/\/irrecams.de\/staging\/en\/wp-json\/wp\/v2\/posts\/924\/revisions"}],"predecessor-version":[{"id":8324,"href":"https:\/\/irrecams.de\/staging\/en\/wp-json\/wp\/v2\/posts\/924\/revisions\/8324"}],"wp:featuredmedia":[{"embeddable":true,"href":"https:\/\/irrecams.de\/staging\/en\/wp-json\/wp\/v2\/media\/930"}],"wp:attachment":[{"href":"https:\/\/irrecams.de\/staging\/en\/wp-json\/wp\/v2\/media?parent=924"}],"wp:term":[{"taxonomy":"category","embeddable":true,"href":"https:\/\/irrecams.de\/staging\/en\/wp-json\/wp\/v2\/categories?post=924"},{"taxonomy":"post_tag","embeddable":true,"href":"https:\/\/irrecams.de\/staging\/en\/wp-json\/wp\/v2\/tags?post=924"}],"curies":[{"name":"wp","href":"https:\/\/api.w.org\/{rel}","templated":true}]}}