{"id":2739,"date":"2018-04-25T22:27:51","date_gmt":"2018-04-25T20:27:51","guid":{"rendered":"http:\/\/irrecams.de\/staging\/?p=2739"},"modified":"2020-04-15T08:26:08","modified_gmt":"2020-04-15T06:26:08","slug":"erste-schritte-mit-der-fuji-x-e1","status":"publish","type":"post","link":"https:\/\/irrecams.de\/staging\/blog\/gast\/2018\/erste-schritte-mit-der-fuji-x-e1\/","title":{"rendered":"Erste Schritte mit der Fuji X-E1"},"content":{"rendered":"<p><a href=\"http:\/\/irrecams.de\/staging\/wp-content\/uploads\/2018\/04\/Wolfert.jpg\"><img decoding=\"async\" loading=\"lazy\" src=\"http:\/\/irrecams.de\/staging\/wp-content\/uploads\/2018\/04\/Wolfert.jpg\" alt=\"\" width=\"1200\" height=\"800\" class=\"aligncenter size-full wp-image-2740\" srcset=\"https:\/\/irrecams.de\/staging\/wp-content\/uploads\/2018\/04\/Wolfert.jpg 1200w, https:\/\/irrecams.de\/staging\/wp-content\/uploads\/2018\/04\/Wolfert-350x233.jpg 350w, https:\/\/irrecams.de\/staging\/wp-content\/uploads\/2018\/04\/Wolfert-300x200.jpg 300w, https:\/\/irrecams.de\/staging\/wp-content\/uploads\/2018\/04\/Wolfert-768x512.jpg 768w, https:\/\/irrecams.de\/staging\/wp-content\/uploads\/2018\/04\/Wolfert-1024x683.jpg 1024w\" sizes=\"(max-width: 767px) 89vw, (max-width: 1000px) 54vw, (max-width: 1071px) 543px, 580px\" \/><\/a><\/p>\n<p>Bild: \u00a9 Martin Wolfert<\/p>\n<hr>\n<p>\nDas ist schon ein ganz besonderes Gef\u00fchl, wenn man das Erste Mal seine neue IR Kamera in der Hand h\u00e4lt und auf den Ausl\u00f6ser dr\u00fcckt. Alles ist anders, irgendwie neu und aufregend. Ein zufriedener Kunde hat dieses Gef\u00fchl und seine Erfahrungen k\u00fcrzlich in seinem blog niedergeschrieben. Der Beitrag ist kurzweilig und informativ geschrieben, mit sch\u00f6nen Bildern! Ein Besuch <a href=\"https:\/\/blog.lichttraeumer.de\/infrarotfotografie-mit-der-fuji-x-e1\/\" target=\"_blank\" rel=\"noopener noreferrer\">im blog von Martin Wolfert<\/a> lohnt sich definitiv, klickt euch mal r\u00fcber!\n<\/p>\n<p><a href=\"https:\/\/blog.lichttraeumer.de\/infrarotfotografie-mit-der-fuji-x-e1\/\" target=\"_blank\" rel=\"noopener noreferrer\">blog.lichttraeumer.de<\/a><\/p>\n","protected":false},"excerpt":{"rendered":"<p>Bild: \u00a9 Martin Wolfert Das ist schon ein ganz besonderes Gef\u00fchl, wenn man das Erste Mal seine neue IR Kamera in der Hand h\u00e4lt und auf den Ausl\u00f6ser dr\u00fcckt. Alles ist anders, irgendwie neu und aufregend. Ein zufriedener Kunde hat dieses Gef\u00fchl und seine Erfahrungen k\u00fcrzlich in seinem blog niedergeschrieben. Der Beitrag ist kurzweilig und &hellip; <\/p>\n<p class=\"link-more\"><a href=\"https:\/\/irrecams.de\/staging\/blog\/gast\/2018\/erste-schritte-mit-der-fuji-x-e1\/\" class=\"more-link\"><span class=\"screen-reader-text\">\u201eErste Schritte mit der Fuji X-E1\u201c<\/span> weiterlesen<\/a><\/p>\n","protected":false},"author":3,"featured_media":2740,"comment_status":"closed","ping_status":"closed","sticky":false,"template":"","format":"standard","meta":[],"categories":[358],"tags":[281],"_links":{"self":[{"href":"https:\/\/irrecams.de\/staging\/wp-json\/wp\/v2\/posts\/2739"}],"collection":[{"href":"https:\/\/irrecams.de\/staging\/wp-json\/wp\/v2\/posts"}],"about":[{"href":"https:\/\/irrecams.de\/staging\/wp-json\/wp\/v2\/types\/post"}],"author":[{"embeddable":true,"href":"https:\/\/irrecams.de\/staging\/wp-json\/wp\/v2\/users\/3"}],"replies":[{"embeddable":true,"href":"https:\/\/irrecams.de\/staging\/wp-json\/wp\/v2\/comments?post=2739"}],"version-history":[{"count":2,"href":"https:\/\/irrecams.de\/staging\/wp-json\/wp\/v2\/posts\/2739\/revisions"}],"predecessor-version":[{"id":4918,"href":"https:\/\/irrecams.de\/staging\/wp-json\/wp\/v2\/posts\/2739\/revisions\/4918"}],"wp:featuredmedia":[{"embeddable":true,"href":"https:\/\/irrecams.de\/staging\/wp-json\/wp\/v2\/media\/2740"}],"wp:attachment":[{"href":"https:\/\/irrecams.de\/staging\/wp-json\/wp\/v2\/media?parent=2739"}],"wp:term":[{"taxonomy":"category","embeddable":true,"href":"https:\/\/irrecams.de\/staging\/wp-json\/wp\/v2\/categories?post=2739"},{"taxonomy":"post_tag","embeddable":true,"href":"https:\/\/irrecams.de\/staging\/wp-json\/wp\/v2\/tags?post=2739"}],"curies":[{"name":"wp","href":"https:\/\/api.w.org\/{rel}","templated":true}]}}