{"id":2887,"date":"2018-08-06T08:58:28","date_gmt":"2018-08-06T06:58:28","guid":{"rendered":"http:\/\/irrecams.de\/staging\/?p=2887"},"modified":"2018-08-06T08:58:28","modified_gmt":"2018-08-06T06:58:28","slug":"ir-fotografie-workshop","status":"publish","type":"post","link":"https:\/\/irrecams.de\/staging\/blog\/2018\/ir-fotografie-workshop\/","title":{"rendered":"IR Fotografie Workshop"},"content":{"rendered":"<p><a href=\"http:\/\/irrecams.de\/staging\/wp-content\/uploads\/2018\/08\/IR-Workshop_18-2.jpg\"><img decoding=\"async\" loading=\"lazy\" src=\"http:\/\/irrecams.de\/staging\/wp-content\/uploads\/2018\/08\/IR-Workshop_18-2.jpg\" alt=\"\" width=\"2667\" height=\"1500\" class=\"aligncenter size-full wp-image-2885\" srcset=\"https:\/\/irrecams.de\/staging\/wp-content\/uploads\/2018\/08\/IR-Workshop_18-2.jpg 2667w, https:\/\/irrecams.de\/staging\/wp-content\/uploads\/2018\/08\/IR-Workshop_18-2-350x197.jpg 350w, https:\/\/irrecams.de\/staging\/wp-content\/uploads\/2018\/08\/IR-Workshop_18-2-300x169.jpg 300w, https:\/\/irrecams.de\/staging\/wp-content\/uploads\/2018\/08\/IR-Workshop_18-2-768x432.jpg 768w, https:\/\/irrecams.de\/staging\/wp-content\/uploads\/2018\/08\/IR-Workshop_18-2-1024x576.jpg 1024w\" sizes=\"(max-width: 767px) 89vw, (max-width: 1000px) 54vw, (max-width: 1071px) 543px, 580px\" \/><\/a><\/p>\n<p>F\u00fcr diesen Sp\u00e4tsommer ist noch ein zweiter IR Workshop auf der Insel R\u00fcgen geplant. Vom 28. bis 30.09.2018 werden wir in einer kleinen Gruppe die gr\u00f6\u00dfte Insel Deutschlands erkunden. Es finden 2 Seminaren und eine Bildbesprechung statt. Au\u00dferdem werden wir B\u00e4derarchitektur, die Kreidek\u00fcsten und Naturlandschaften entdecken.<\/p>\n<p><!--more--><\/p>\n<p>F\u00fcr Teilnehmer die keine eigene Infrarotkamera besitzen, oder aber einmal ein anderes Modell ausprobieren m\u00f6chten, besteht die M\u00f6glichkeit gegen eine kleine Geb\u00fchr eine Kamera auszuleihen. Wer die Kamera nach dem Workshop kaufen m\u00f6chte, erh\u00e4lt eine Verrechnung der Leihgeb\u00fchr mit dem Kaufpreis.<\/p>\n<p>Der Workshop ist auf 10 Teilnehmer begrenzt, bei Interesse schreiben Sie mir bitte ganz unverbindlich eine <a href=\"http:\/\/irrecams.de\/staging\/kontakt\/\">Nachricht<\/a>.<\/p>\n<p>Alle Details und Informationen finden Sie <a href=\"http:\/\/irrecams.de\/staging\/IR-Workshop_18-2.pdf\" target=\"_blank\">in dem Flyer auf meiner Webseite<\/a>.<\/p>\n","protected":false},"excerpt":{"rendered":"<p>F\u00fcr diesen Sp\u00e4tsommer ist noch ein zweiter IR Workshop auf der Insel R\u00fcgen geplant. Vom 28. bis 30.09.2018 werden wir in einer kleinen Gruppe die gr\u00f6\u00dfte Insel Deutschlands erkunden. Es finden 2 Seminaren und eine Bildbesprechung statt. Au\u00dferdem werden wir B\u00e4derarchitektur, die Kreidek\u00fcsten und Naturlandschaften entdecken.<\/p>\n","protected":false},"author":1,"featured_media":2885,"comment_status":"closed","ping_status":"closed","sticky":false,"template":"","format":"standard","meta":[],"categories":[3],"tags":[],"_links":{"self":[{"href":"https:\/\/irrecams.de\/staging\/wp-json\/wp\/v2\/posts\/2887"}],"collection":[{"href":"https:\/\/irrecams.de\/staging\/wp-json\/wp\/v2\/posts"}],"about":[{"href":"https:\/\/irrecams.de\/staging\/wp-json\/wp\/v2\/types\/post"}],"author":[{"embeddable":true,"href":"https:\/\/irrecams.de\/staging\/wp-json\/wp\/v2\/users\/1"}],"replies":[{"embeddable":true,"href":"https:\/\/irrecams.de\/staging\/wp-json\/wp\/v2\/comments?post=2887"}],"version-history":[{"count":1,"href":"https:\/\/irrecams.de\/staging\/wp-json\/wp\/v2\/posts\/2887\/revisions"}],"predecessor-version":[{"id":2888,"href":"https:\/\/irrecams.de\/staging\/wp-json\/wp\/v2\/posts\/2887\/revisions\/2888"}],"wp:featuredmedia":[{"embeddable":true,"href":"https:\/\/irrecams.de\/staging\/wp-json\/wp\/v2\/media\/2885"}],"wp:attachment":[{"href":"https:\/\/irrecams.de\/staging\/wp-json\/wp\/v2\/media?parent=2887"}],"wp:term":[{"taxonomy":"category","embeddable":true,"href":"https:\/\/irrecams.de\/staging\/wp-json\/wp\/v2\/categories?post=2887"},{"taxonomy":"post_tag","embeddable":true,"href":"https:\/\/irrecams.de\/staging\/wp-json\/wp\/v2\/tags?post=2887"}],"curies":[{"name":"wp","href":"https:\/\/api.w.org\/{rel}","templated":true}]}}