{"id":4758,"date":"2020-03-08T20:24:59","date_gmt":"2020-03-08T19:24:59","guid":{"rendered":"http:\/\/irrecams.de\/staging\/?p=4758"},"modified":"2020-03-22T18:08:16","modified_gmt":"2020-03-22T17:08:16","slug":"infrarot-bildbearbeitung-ep-5","status":"publish","type":"post","link":"https:\/\/irrecams.de\/staging\/blog\/videos\/2020\/infrarot-bildbearbeitung-ep-5\/","title":{"rendered":"Infrarot Bildbearbeitung Ep. 5"},"content":{"rendered":"\n<p>Episode 5 zur Infrarot Bildbearbeitung in dartkatble. Vielen Dank an Dr. Martin Kr\u00fcger f\u00fcr das Bild! Es wurde mit einem 700 nm Filter aufgenommen, ich habe mich f\u00fcr eine Farbbearbeitung entschieden.<\/p>\n\n\n\n<p>Ich freue mich auch in Zukunft \u00fcber mehr Fotos die ich bearbeiten kann! Schreibt mich einfach an, wenn ihr ein Bild habt das ihr mich bearbeiten lassen wollt!<\/p>\n\n\n\n<!--more-->\n\n\n\n<figure class=\"wp-block-embed-youtube wp-block-embed is-type-video is-provider-youtube wp-embed-aspect-16-9 wp-has-aspect-ratio\"><div class=\"wp-block-embed__wrapper\">\n<iframe loading=\"lazy\" title=\"Infrarot Bildbearbeitung in darktable 3.0 | Ep. 5\" width=\"525\" height=\"295\" src=\"https:\/\/www.youtube.com\/embed\/Y7ieMxbBl-Y?feature=oembed\" frameborder=\"0\" allow=\"accelerometer; autoplay; encrypted-media; gyroscope; picture-in-picture\" allowfullscreen><\/iframe>\n<\/div><\/figure>\n\n\n\n<p>Auf vimeo:<br><a href=\"https:\/\/vimeo.com\/channels\/1532271\" target=\"_blank\" rel=\"noreferrer noopener\" aria-label=\" https:\/\/vimeo.com\/channels\/1532271 (\u00f6ffnet in einem neuem Tab)\"> https:\/\/vimeo.com\/channels\/1532271<\/a><\/p>\n\n\n\n<p>Auf YouTube:<br><a href=\"https:\/\/www.youtube.com\/channel\/UCcshPzau0z9MS7uKMR2fU9w\" target=\"_blank\" rel=\"noreferrer noopener\" aria-label=\" https:\/\/www.youtube.com\/channel\/UCcshPzau0z9MS7uKMR2fU9w (\u00f6ffnet in einem neuem Tab)\"> https:\/\/www.youtube.com\/channel\/UCcshPzau0z9MS7uKMR2fU9w<\/a><\/p>\n\n\n\n<p>Mehr zu darktable:<br><a href=\"https:\/\/www.darktable.org\" target=\"_blank\" rel=\"noreferrer noopener\" aria-label=\" https:\/\/www.darktable.org (\u00f6ffnet in einem neuem Tab)\"> https:\/\/www.darktable.org<\/a><\/p>\n","protected":false},"excerpt":{"rendered":"<p>Episode 5 zur Infrarot Bildbearbeitung in dartkatble. Vielen Dank an Dr. Martin Kr\u00fcger f\u00fcr das Bild! Es wurde mit einem 700 nm Filter aufgenommen, ich habe mich f\u00fcr eine Farbbearbeitung entschieden. Ich freue mich auch in Zukunft \u00fcber mehr Fotos die ich bearbeiten kann! Schreibt mich einfach an, wenn ihr ein Bild habt das ihr &hellip; <\/p>\n<p class=\"link-more\"><a href=\"https:\/\/irrecams.de\/staging\/blog\/videos\/2020\/infrarot-bildbearbeitung-ep-5\/\" class=\"more-link\"><span class=\"screen-reader-text\">\u201eInfrarot Bildbearbeitung Ep. 5\u201c<\/span> weiterlesen<\/a><\/p>\n","protected":false},"author":1,"featured_media":4759,"comment_status":"closed","ping_status":"closed","sticky":false,"template":"","format":"standard","meta":[],"categories":[287],"tags":[294,325,295,296,299,290,288,324,289],"_links":{"self":[{"href":"https:\/\/irrecams.de\/staging\/wp-json\/wp\/v2\/posts\/4758"}],"collection":[{"href":"https:\/\/irrecams.de\/staging\/wp-json\/wp\/v2\/posts"}],"about":[{"href":"https:\/\/irrecams.de\/staging\/wp-json\/wp\/v2\/types\/post"}],"author":[{"embeddable":true,"href":"https:\/\/irrecams.de\/staging\/wp-json\/wp\/v2\/users\/1"}],"replies":[{"embeddable":true,"href":"https:\/\/irrecams.de\/staging\/wp-json\/wp\/v2\/comments?post=4758"}],"version-history":[{"count":2,"href":"https:\/\/irrecams.de\/staging\/wp-json\/wp\/v2\/posts\/4758\/revisions"}],"predecessor-version":[{"id":4787,"href":"https:\/\/irrecams.de\/staging\/wp-json\/wp\/v2\/posts\/4758\/revisions\/4787"}],"wp:featuredmedia":[{"embeddable":true,"href":"https:\/\/irrecams.de\/staging\/wp-json\/wp\/v2\/media\/4759"}],"wp:attachment":[{"href":"https:\/\/irrecams.de\/staging\/wp-json\/wp\/v2\/media?parent=4758"}],"wp:term":[{"taxonomy":"category","embeddable":true,"href":"https:\/\/irrecams.de\/staging\/wp-json\/wp\/v2\/categories?post=4758"},{"taxonomy":"post_tag","embeddable":true,"href":"https:\/\/irrecams.de\/staging\/wp-json\/wp\/v2\/tags?post=4758"}],"curies":[{"name":"wp","href":"https:\/\/api.w.org\/{rel}","templated":true}]}}