{"id":5508,"date":"2020-11-17T15:28:00","date_gmt":"2020-11-17T14:28:00","guid":{"rendered":"http:\/\/irrecams.de\/staging\/?p=5508"},"modified":"2021-01-14T14:08:04","modified_gmt":"2021-01-14T13:08:04","slug":"kalender-wildes-ruegen-2021","status":"publish","type":"post","link":"https:\/\/irrecams.de\/staging\/blog\/2020\/kalender-wildes-ruegen-2021\/","title":{"rendered":"Kalender Wildes R\u00fcgen 2021"},"content":{"rendered":"\n<p>Tats\u00e4chlich muss es nicht immer Infrarot Fotografie sein, auch die &#8222;normale&#8220; Fotografie im sichtbaren Bereich kann spannend sein. Heute ein Aufruf an alle R\u00fcgen-Liebhaber: Der A3 Kalender f\u00fcr n\u00e4chstes Jahr steht in den Startl\u00f6chern.<\/p>\n\n\n\n<!--more-->\n\n\n\n<p>Der Kalender &#8222;Wildes R\u00fcgen 2021&#8220; zeigt die Natur der gr\u00f6\u00dften Insel Deutschlands in ganz besonderem Licht.  Von der Kreidek\u00fcste an der Ostsee, \u00fcber die Wiesen und W\u00e4lder der zentralen Insel hin zu den besonderen Naturr\u00e4umen an der Boddenk\u00fcste f\u00fchrt der Kalender durch das Jahr. Auf 12 abwechslungsreichen Kalenderbl\u00e4ttern sind besondere Naturr\u00e4ume, Naturschauspiele und Details der Naturr\u00e4ume eingefangen. Der Kalender wurde auf 100 % recyceltem Papier gedruckt.<\/p>\n\n\n\n<p> Bestellen Sie gleich Ihr Exemplar versandkostenfrei!<\/p>\n\n\n\n<figure class=\"wp-block-gallery columns-2 is-cropped wp-block-gallery-1 is-layout-flex\"><ul class=\"blocks-gallery-grid\"><li class=\"blocks-gallery-item\"><figure><a href=\"https:\/\/ruegenfilm.de\/wp-content\/uploads\/2020\/11\/00-1024x727.jpg\"><img decoding=\"async\" src=\"https:\/\/ruegenfilm.de\/wp-content\/uploads\/2020\/11\/00-1024x727.jpg\" alt=\"\" data-id=\"700\" data-link=\"https:\/\/ruegenfilm.de\/kalender\/attachment\/00\/\" class=\"wp-image-700\"\/><\/a><\/figure><\/li><li class=\"blocks-gallery-item\"><figure><a href=\"https:\/\/ruegenfilm.de\/wp-content\/uploads\/2020\/11\/06.jpg\"><img decoding=\"async\" src=\"https:\/\/ruegenfilm.de\/wp-content\/uploads\/2020\/11\/06-1024x727.jpg\" alt=\"\" data-id=\"715\" data-full-url=\"https:\/\/ruegenfilm.de\/wp-content\/uploads\/2020\/11\/06.jpg\" data-link=\"https:\/\/ruegenfilm.de\/kalender\/attachment\/06\/\" class=\"wp-image-715\"\/><\/a><\/figure><\/li><li class=\"blocks-gallery-item\"><figure><a href=\"https:\/\/ruegenfilm.de\/wp-content\/uploads\/2020\/11\/13-1024x727.jpg\"><img decoding=\"async\" src=\"https:\/\/ruegenfilm.de\/wp-content\/uploads\/2020\/11\/13-1024x727.jpg\" alt=\"\" data-id=\"702\" data-link=\"https:\/\/ruegenfilm.de\/kalender\/attachment\/13\/\" class=\"wp-image-702\"\/><\/a><\/figure><\/li><li class=\"blocks-gallery-item\"><figure><a href=\"https:\/\/ruegenfilm.de\/wp-content\/uploads\/2020\/11\/FXT30584-1024x683.jpg\"><img decoding=\"async\" src=\"https:\/\/ruegenfilm.de\/wp-content\/uploads\/2020\/11\/FXT30584-1024x683.jpg\" alt=\"\" data-id=\"704\" data-link=\"https:\/\/ruegenfilm.de\/kalender\/attachment\/fxt30584\/\" class=\"wp-image-704\"\/><\/a><\/figure><\/li><li class=\"blocks-gallery-item\"><figure><a href=\"https:\/\/ruegenfilm.de\/wp-content\/uploads\/2020\/11\/FXT30586-1024x683.jpg\"><img decoding=\"async\" src=\"https:\/\/ruegenfilm.de\/wp-content\/uploads\/2020\/11\/FXT30586-1024x683.jpg\" alt=\"\" data-id=\"705\" data-link=\"https:\/\/ruegenfilm.de\/kalender\/attachment\/fxt30586\/\" class=\"wp-image-705\"\/><\/a><\/figure><\/li><li class=\"blocks-gallery-item\"><figure><a href=\"https:\/\/ruegenfilm.de\/wp-content\/uploads\/2020\/11\/FXT30588-1024x683.jpg\"><img decoding=\"async\" src=\"https:\/\/ruegenfilm.de\/wp-content\/uploads\/2020\/11\/FXT30588-1024x683.jpg\" alt=\"\" data-id=\"707\" data-link=\"https:\/\/ruegenfilm.de\/kalender\/attachment\/fxt30588\/\" class=\"wp-image-707\"\/><\/a><\/figure><\/li><li class=\"blocks-gallery-item\"><figure><a href=\"https:\/\/ruegenfilm.de\/wp-content\/uploads\/2020\/11\/FXT30587-1024x683.jpg\"><img decoding=\"async\" src=\"https:\/\/ruegenfilm.de\/wp-content\/uploads\/2020\/11\/FXT30587-1024x683.jpg\" alt=\"\" data-id=\"706\" data-link=\"https:\/\/ruegenfilm.de\/kalender\/attachment\/fxt30587\/\" class=\"wp-image-706\"\/><\/a><\/figure><\/li><\/ul><\/figure>\n\n\n\n<p>Format: DIN A3 (29,7 \u00d7 42 cm)<br>Qualit\u00e4t: 250 g mattes Papier, zu 100 % recycelt aus Altpapier<br>Umfang: 14 Blatt plus 300 g\/m\u00b2 R\u00fcckpappe<br>Aufh\u00e4ngung: Wire-O Ringbindung, Draht wei\u00df lackiert.<\/p>\n\n\n\n\n<div class=\"wp-block-button aligncenter\"><a class=\"wp-block-button__link\">Jetzt bestellen<\/a><\/div>\n\n","protected":false},"excerpt":{"rendered":"<p>Tats\u00e4chlich muss es nicht immer Infrarot Fotografie sein, auch die &#8222;normale&#8220; Fotografie im sichtbaren Bereich kann spannend sein. Heute ein Aufruf an alle R\u00fcgen-Liebhaber: Der A3 Kalender f\u00fcr n\u00e4chstes Jahr steht in den Startl\u00f6chern.<\/p>\n","protected":false},"author":1,"featured_media":5500,"comment_status":"closed","ping_status":"closed","sticky":false,"template":"","format":"standard","meta":[],"categories":[3],"tags":[],"_links":{"self":[{"href":"https:\/\/irrecams.de\/staging\/wp-json\/wp\/v2\/posts\/5508"}],"collection":[{"href":"https:\/\/irrecams.de\/staging\/wp-json\/wp\/v2\/posts"}],"about":[{"href":"https:\/\/irrecams.de\/staging\/wp-json\/wp\/v2\/types\/post"}],"author":[{"embeddable":true,"href":"https:\/\/irrecams.de\/staging\/wp-json\/wp\/v2\/users\/1"}],"replies":[{"embeddable":true,"href":"https:\/\/irrecams.de\/staging\/wp-json\/wp\/v2\/comments?post=5508"}],"version-history":[{"count":2,"href":"https:\/\/irrecams.de\/staging\/wp-json\/wp\/v2\/posts\/5508\/revisions"}],"predecessor-version":[{"id":6198,"href":"https:\/\/irrecams.de\/staging\/wp-json\/wp\/v2\/posts\/5508\/revisions\/6198"}],"wp:featuredmedia":[{"embeddable":true,"href":"https:\/\/irrecams.de\/staging\/wp-json\/wp\/v2\/media\/5500"}],"wp:attachment":[{"href":"https:\/\/irrecams.de\/staging\/wp-json\/wp\/v2\/media?parent=5508"}],"wp:term":[{"taxonomy":"category","embeddable":true,"href":"https:\/\/irrecams.de\/staging\/wp-json\/wp\/v2\/categories?post=5508"},{"taxonomy":"post_tag","embeddable":true,"href":"https:\/\/irrecams.de\/staging\/wp-json\/wp\/v2\/tags?post=5508"}],"curies":[{"name":"wp","href":"https:\/\/api.w.org\/{rel}","templated":true}]}}