{"id":659,"date":"2015-12-20T13:46:02","date_gmt":"2015-12-20T12:46:02","guid":{"rendered":"http:\/\/irrecams.de\/staging\/?p=659"},"modified":"2020-04-15T08:29:02","modified_gmt":"2020-04-15T06:29:02","slug":"digitale-infrarot-fotografie","status":"publish","type":"post","link":"https:\/\/irrecams.de\/staging\/blog\/gast\/2015\/digitale-infrarot-fotografie\/","title":{"rendered":"Digitale Infrarotfotografie"},"content":{"rendered":"<p><a href=\"http:\/\/irrecams.de\/staging\/wp-content\/uploads\/2015\/12\/K3_08104.jpg\"><img decoding=\"async\" loading=\"lazy\" src=\"http:\/\/irrecams.de\/staging\/wp-content\/uploads\/2015\/12\/K3_08104-150x150.jpg\" alt=\"K3_08104\" width=\"150\" height=\"150\" class=\"aligncenter size-thumbnail wp-image-656\" srcset=\"https:\/\/irrecams.de\/staging\/wp-content\/uploads\/2015\/12\/K3_08104-150x150.jpg 150w, https:\/\/irrecams.de\/staging\/wp-content\/uploads\/2015\/12\/K3_08104-250x250.jpg 250w, https:\/\/irrecams.de\/staging\/wp-content\/uploads\/2015\/12\/K3_08104-100x100.jpg 100w\" sizes=\"(max-width: 150px) 100vw, 150px\" \/><\/a><\/p>\n<p>Die Infrarotfotografie war schon immer eine Niesche und ein sehr spezielles Thema. Mit dem Einzug des digitalen Zeitalters ist wenigstens die Technik um ein Vielfaches komfortabler, verf\u00fcgbarer und g\u00fcnstiger geworden. Mehr und mehr Leute tauchen in dieses spannende Thema ein. Doch der Umbau einer wenig genutzten Kamera ist nur der erste Schritt. Nun geht es daran die neue, altvertraute Kamera effektiv einzusetzen und m\u00f6glichst viel aus ihr heraus zu holen. Obwohl uns die digitale Technik viele Aufgaben abnimmt muss sich der IR- Fotograf zu einem gewissen Teil in das Thema hinein denken um die aufkommenden H\u00fcrden hinter der Kamera und hinter dem Monitor zu \u00fcberwinden. Um diese Herausforderungen zu meistern gibt es 3 M\u00f6glichkeiten:<\/p>\n<p>1. Alle n\u00f6tigen Informationen im Internet suchen und wie ein Puzzel zusammenbauen. Das kostet Zeit und Nerven.<br \/>\n2. Mir ein <a href=\"http:\/\/irrecams.de\/staging\/kontakt\/\" title=\"undefined\" target=\"\" rel=\"noopener noreferrer\">Loch in den Bauch fragen<\/a>. Soweit ich es kann helfe ich gerne, aber bei manchen Problemen muss ich auch passen.<br \/>\n3. Das Buch <a href=\"http:\/\/www.amazon.de\/Digitale-Infrarotfotografie-Profifoto-Klaus-Mangold\/dp\/3958450733\" title=\"undefined\" target=\"_blank\" rel=\"noopener noreferrer\">&#8222;Digitale Infrarotfotografie&#8220; von Klaus Mangold kaufen<\/a>.<\/p>\n<p><a href=\"http:\/\/irrecams.de\/staging\/wp-content\/uploads\/2015\/12\/K3_08105.jpg\"><img decoding=\"async\" loading=\"lazy\" src=\"http:\/\/irrecams.de\/staging\/wp-content\/uploads\/2015\/12\/K3_08105-150x150.jpg\" alt=\"K3_08105\" width=\"150\" height=\"150\" class=\"aligncenter size-thumbnail wp-image-657\" srcset=\"https:\/\/irrecams.de\/staging\/wp-content\/uploads\/2015\/12\/K3_08105-150x150.jpg 150w, https:\/\/irrecams.de\/staging\/wp-content\/uploads\/2015\/12\/K3_08105-250x250.jpg 250w, https:\/\/irrecams.de\/staging\/wp-content\/uploads\/2015\/12\/K3_08105-100x100.jpg 100w\" sizes=\"(max-width: 150px) 100vw, 150px\" \/><\/a><\/p>\n<p>In diesem Buch werden umfassend, verst\u00e4ndlich und zusammenh\u00e4ngend alle wichtigen Aspekte der Infrarotfotografie behandelt. Das Buch ist vor kurzem in der 2. \u00fcberarbeiteten Auflage erschienen und ich habe es bereits vor mir zu liegen. Es ist auf dem letzten technischen Stand, unter anderem wird auf moderne spiegellose Systemkameras und Ihre Vorteile f\u00fcr die IR Fotograife eingegangen. In 9 Kapiteln auf \u00fcber 200 Seiten gibt es viele Informationen zur Geschichte der Infrarotfotografie, zu ihren physikalischen Grundlagen, zum Umbau von Kameras, zur Wahl von Infrarotfiltern und der digitalen Nachbearbeitung der Bilder. Nat\u00fcrlich geht Klaus Mangold auch gezielt auf technische Probleme der Infrarotfotografie ein und schildert das Vorgehen beim Fotografieren anhand einer Auswahl an Fallbeispielen. Ein ganzes Kapitel widmet sich schlie\u00dflich fortgeschrittenen Foto- und Nachbearbeitungstechniken. Das Buch ist sehr praxisnah geschrieben und mit vielen Anwendungsbeispielen illustriert. Wer gleich zuschl\u00e4gt hat gute Chancen das Buch &#8222;Digitale Infrarotfotografie&#8220; noch bis Weihnachten zu erhalten.<\/p>\n<p><a href=\"http:\/\/www.amazon.de\/Digitale-Infrarotfotografie-Profifoto-Klaus-Mangold\/dp\/3958450733\" title=\"undefined\" target=\"_blank\" rel=\"noopener noreferrer\">Buch bei Amazon<\/a><\/p>\n<p><a href=\"http:\/\/eye.de\/\" title=\"undefined\" target=\"_blank\" rel=\"noopener noreferrer\">Webseite von Klaus Mangold<\/a><\/p>\n<p><a href=\"http:\/\/irrecams.de\/staging\/wp-content\/uploads\/2015\/12\/K3_08107.jpg\"><img decoding=\"async\" loading=\"lazy\" src=\"http:\/\/irrecams.de\/staging\/wp-content\/uploads\/2015\/12\/K3_08107-150x150.jpg\" alt=\"K3_08107\" width=\"150\" height=\"150\" class=\"aligncenter size-thumbnail wp-image-658\" srcset=\"https:\/\/irrecams.de\/staging\/wp-content\/uploads\/2015\/12\/K3_08107-150x150.jpg 150w, https:\/\/irrecams.de\/staging\/wp-content\/uploads\/2015\/12\/K3_08107-250x250.jpg 250w, https:\/\/irrecams.de\/staging\/wp-content\/uploads\/2015\/12\/K3_08107-100x100.jpg 100w\" sizes=\"(max-width: 150px) 100vw, 150px\" \/><\/a><\/p>\n","protected":false},"excerpt":{"rendered":"<p>Die Infrarotfotografie war schon immer eine Niesche und ein sehr spezielles Thema. Mit dem Einzug des digitalen Zeitalters ist wenigstens die Technik um ein Vielfaches komfortabler, verf\u00fcgbarer und g\u00fcnstiger geworden. Mehr und mehr Leute tauchen in dieses spannende Thema ein. Doch der Umbau einer wenig genutzten Kamera ist nur der erste Schritt. Nun geht es &hellip; <\/p>\n<p class=\"link-more\"><a href=\"https:\/\/irrecams.de\/staging\/blog\/gast\/2015\/digitale-infrarot-fotografie\/\" class=\"more-link\"><span class=\"screen-reader-text\">\u201eDigitale Infrarotfotografie\u201c<\/span> weiterlesen<\/a><\/p>\n","protected":false},"author":3,"featured_media":656,"comment_status":"open","ping_status":"closed","sticky":false,"template":"","format":"standard","meta":[],"categories":[358],"tags":[281],"_links":{"self":[{"href":"https:\/\/irrecams.de\/staging\/wp-json\/wp\/v2\/posts\/659"}],"collection":[{"href":"https:\/\/irrecams.de\/staging\/wp-json\/wp\/v2\/posts"}],"about":[{"href":"https:\/\/irrecams.de\/staging\/wp-json\/wp\/v2\/types\/post"}],"author":[{"embeddable":true,"href":"https:\/\/irrecams.de\/staging\/wp-json\/wp\/v2\/users\/3"}],"replies":[{"embeddable":true,"href":"https:\/\/irrecams.de\/staging\/wp-json\/wp\/v2\/comments?post=659"}],"version-history":[{"count":2,"href":"https:\/\/irrecams.de\/staging\/wp-json\/wp\/v2\/posts\/659\/revisions"}],"predecessor-version":[{"id":4923,"href":"https:\/\/irrecams.de\/staging\/wp-json\/wp\/v2\/posts\/659\/revisions\/4923"}],"wp:featuredmedia":[{"embeddable":true,"href":"https:\/\/irrecams.de\/staging\/wp-json\/wp\/v2\/media\/656"}],"wp:attachment":[{"href":"https:\/\/irrecams.de\/staging\/wp-json\/wp\/v2\/media?parent=659"}],"wp:term":[{"taxonomy":"category","embeddable":true,"href":"https:\/\/irrecams.de\/staging\/wp-json\/wp\/v2\/categories?post=659"},{"taxonomy":"post_tag","embeddable":true,"href":"https:\/\/irrecams.de\/staging\/wp-json\/wp\/v2\/tags?post=659"}],"curies":[{"name":"wp","href":"https:\/\/api.w.org\/{rel}","templated":true}]}}