{"id":7934,"date":"2022-03-22T20:42:21","date_gmt":"2022-03-22T19:42:21","guid":{"rendered":"http:\/\/irrecams.de\/staging\/?p=7934"},"modified":"2022-03-22T20:49:26","modified_gmt":"2022-03-22T19:49:26","slug":"infrarot-workshops-2022","status":"publish","type":"post","link":"https:\/\/irrecams.de\/staging\/blog\/2022\/infrarot-workshops-2022\/","title":{"rendered":"Infrarot Workshops 2022"},"content":{"rendered":"\n<p>Ich habe lange gez\u00f6gert und gewartet, doch nun scheint die Corona Situation sich zu entspannen und ich halte die Workshops im Juli f\u00fcr ausreichend sicher planbar. Sowohl im Norden als auch im S\u00fcden Deutschlands gibt es Termine, die ab sofort buchbar sind.<\/p>\n\n\n\n<p>Die Workshops richten sich an Einsteiger und Fortgeschrittene in der Infrarotfotografie, grundlegende fotografische Kenntnisse werden vorausgesetzt. Eine eigene Infrarot Kamera ist zwar ein gro\u00dfer Vorteil, aber kein Muss. Wer noch keine Kamera besitzt, oder einmal ein anderes Modell ausprobieren m\u00f6chte, hat die M\u00f6glichkeit f\u00fcr die Dauer des Workshops ein Ger\u00e4t auszuleihen.<\/p>\n\n\n","protected":false},"excerpt":{"rendered":"<p>Ich habe lange gez\u00f6gert und gewartet, doch nun scheint die Corona Situation sich zu entspannen und ich halte die Workshops im Juli f\u00fcr ausreichend sicher planbar. Sowohl im Norden als auch im S\u00fcden Deutschlands gibt es Termine, die ab sofort buchbar sind. Die Workshops richten sich an Einsteiger und Fortgeschrittene in der Infrarotfotografie, grundlegende fotografische &hellip; <\/p>\n<p class=\"link-more\"><a href=\"https:\/\/irrecams.de\/staging\/blog\/2022\/infrarot-workshops-2022\/\" class=\"more-link\"><span class=\"screen-reader-text\">\u201eInfrarot Workshops 2022\u201c<\/span> weiterlesen<\/a><\/p>\n","protected":false},"author":1,"featured_media":7871,"comment_status":"closed","ping_status":"closed","sticky":false,"template":"","format":"standard","meta":[],"categories":[3],"tags":[],"_links":{"self":[{"href":"https:\/\/irrecams.de\/staging\/wp-json\/wp\/v2\/posts\/7934"}],"collection":[{"href":"https:\/\/irrecams.de\/staging\/wp-json\/wp\/v2\/posts"}],"about":[{"href":"https:\/\/irrecams.de\/staging\/wp-json\/wp\/v2\/types\/post"}],"author":[{"embeddable":true,"href":"https:\/\/irrecams.de\/staging\/wp-json\/wp\/v2\/users\/1"}],"replies":[{"embeddable":true,"href":"https:\/\/irrecams.de\/staging\/wp-json\/wp\/v2\/comments?post=7934"}],"version-history":[{"count":2,"href":"https:\/\/irrecams.de\/staging\/wp-json\/wp\/v2\/posts\/7934\/revisions"}],"predecessor-version":[{"id":7936,"href":"https:\/\/irrecams.de\/staging\/wp-json\/wp\/v2\/posts\/7934\/revisions\/7936"}],"wp:featuredmedia":[{"embeddable":true,"href":"https:\/\/irrecams.de\/staging\/wp-json\/wp\/v2\/media\/7871"}],"wp:attachment":[{"href":"https:\/\/irrecams.de\/staging\/wp-json\/wp\/v2\/media?parent=7934"}],"wp:term":[{"taxonomy":"category","embeddable":true,"href":"https:\/\/irrecams.de\/staging\/wp-json\/wp\/v2\/categories?post=7934"},{"taxonomy":"post_tag","embeddable":true,"href":"https:\/\/irrecams.de\/staging\/wp-json\/wp\/v2\/tags?post=7934"}],"curies":[{"name":"wp","href":"https:\/\/api.w.org\/{rel}","templated":true}]}}