{"id":8523,"date":"2022-08-06T18:00:00","date_gmt":"2022-08-06T16:00:00","guid":{"rendered":"http:\/\/irrecams.de\/staging\/?p=8523"},"modified":"2022-12-04T14:00:06","modified_gmt":"2022-12-04T13:00:06","slug":"milchstrasse-mit-astro-modifizierter-kamera-im-teide-nationalpark","status":"publish","type":"post","link":"https:\/\/irrecams.de\/staging\/blog\/2022\/milchstrasse-mit-astro-modifizierter-kamera-im-teide-nationalpark\/","title":{"rendered":"Milchstra\u00dfe im Teide Nationalpark"},"content":{"rendered":"\n<p class=\"has-small-font-size\">ein Beitrag von David Behne<\/p>\n\n\n\n<p><\/p>\n\n\n\n<p>Ich habe k\u00fcrzlich meine Sony A7s mit einem Astrofilter bei IRreCams umbauen lassen. Die erste Chance, die umgebaute Kamera zu testen, ergab sich nun im Sommer auf Teneriffa. In der Mitte der Insel liegt der vulkanische Nationalpark Teide. Obwohl die Insel nicht sehr gro\u00df ist und sich einige St\u00e4dte um den Nationalpark ansiedeln, ist die Qualit\u00e4t des Nachthimmels dort unglaublich gut. M\u00f6glicherweise liegt das an der H\u00f6he von 2000 Metern, in der man der Lichtverschmutzung der K\u00fcstenst\u00e4dte schon etwas entfliehen kann. Der Park ist voll von Lava, Felsen, Kakteen und Pflanzen. Einen interessanten Vordergrund f\u00fcr Landschaftsaufnahmen mit Nachthimmel zu finden, ist nicht schwierig. Man hat fast zu viel Auswahl.<\/p>\n\n\n\n<!--more-->\n\n\n\n<figure class=\"wp-block-image size-large\"><a href=\"http:\/\/irrecams.de\/staging\/wp-content\/uploads\/2022\/08\/DSC02964-Bearbeitet.jpg\"><img decoding=\"async\" loading=\"lazy\" width=\"1024\" height=\"768\" src=\"http:\/\/irrecams.de\/staging\/wp-content\/uploads\/2022\/08\/DSC02964-Bearbeitet-1024x768.jpg\" alt=\"Milchstra\u00dfe im Teide Nationalpark 3 - Astromodifizierte Sony A7s - \u00a9David Behne\" class=\"wp-image-8518\" srcset=\"https:\/\/irrecams.de\/staging\/wp-content\/uploads\/2022\/08\/DSC02964-Bearbeitet-1024x768.jpg 1024w, https:\/\/irrecams.de\/staging\/wp-content\/uploads\/2022\/08\/DSC02964-Bearbeitet-300x225.jpg 300w, https:\/\/irrecams.de\/staging\/wp-content\/uploads\/2022\/08\/DSC02964-Bearbeitet-768x576.jpg 768w, https:\/\/irrecams.de\/staging\/wp-content\/uploads\/2022\/08\/DSC02964-Bearbeitet-1536x1152.jpg 1536w, https:\/\/irrecams.de\/staging\/wp-content\/uploads\/2022\/08\/DSC02964-Bearbeitet-16x12.jpg 16w, https:\/\/irrecams.de\/staging\/wp-content\/uploads\/2022\/08\/DSC02964-Bearbeitet-350x263.jpg 350w, https:\/\/irrecams.de\/staging\/wp-content\/uploads\/2022\/08\/DSC02964-Bearbeitet.jpg 1920w\" sizes=\"(max-width: 767px) 89vw, (max-width: 1000px) 54vw, (max-width: 1071px) 543px, 580px\" \/><\/a><figcaption class=\"wp-element-caption\">\u00a9David Behne<\/figcaption><\/figure>\n\n\n\n<p>Die Gegend ist bei Nachtschw\u00e4rmern so beliebt, dass an jedem der gr\u00f6\u00dferen Parkpl\u00e4tze Nachthimmel-Touren angeboten werden, zu denen im 30-Minuten-Takt Busladungen von Menschen gefahren werden. Diese gro\u00dfen Parkpl\u00e4tze gilt es also eher zu meiden, wenn man seine Ruhe will und vor allem nicht st\u00e4ndig mit Taschenlampen geblendet werden m\u00f6chte.<\/p>\n\n\n\n<p>Von der Qualit\u00e4t der Bilder mit dem neuen Filter bin ich absolut \u00fcberw\u00e4ltigt! Ich war noch nie in der Lage, solch eine F\u00fclle von Farben abzubilden. Am Ende der Bearbeitung habe ich oft dazu tendiert, die S\u00e4ttigung etwas zur\u00fcckzudrehen, weil es mir fast zu bunt wurde, besonders im Bereich Magenta\/Rot.<\/p>\n\n\n\n<figure class=\"wp-block-gallery has-nested-images columns-2 is-cropped wp-block-gallery-1 is-layout-flex\">\n<figure class=\"wp-block-image size-large\"><a href=\"http:\/\/irrecams.de\/staging\/wp-content\/uploads\/2022\/08\/DSC02942-Bearbeitet.jpg\"><img decoding=\"async\" loading=\"lazy\" width=\"1024\" height=\"768\" data-id=\"8516\"  src=\"http:\/\/irrecams.de\/staging\/wp-content\/uploads\/2022\/08\/DSC02942-Bearbeitet-1024x768.jpg\" alt=\"Milchstra\u00dfe im Teide Nationalpark 1 - Astromodifizierte Sony A7s - \u00a9David Behne\" class=\"wp-image-8516\" srcset=\"https:\/\/irrecams.de\/staging\/wp-content\/uploads\/2022\/08\/DSC02942-Bearbeitet-1024x768.jpg 1024w, https:\/\/irrecams.de\/staging\/wp-content\/uploads\/2022\/08\/DSC02942-Bearbeitet-300x225.jpg 300w, https:\/\/irrecams.de\/staging\/wp-content\/uploads\/2022\/08\/DSC02942-Bearbeitet-768x576.jpg 768w, https:\/\/irrecams.de\/staging\/wp-content\/uploads\/2022\/08\/DSC02942-Bearbeitet-1536x1152.jpg 1536w, https:\/\/irrecams.de\/staging\/wp-content\/uploads\/2022\/08\/DSC02942-Bearbeitet-16x12.jpg 16w, https:\/\/irrecams.de\/staging\/wp-content\/uploads\/2022\/08\/DSC02942-Bearbeitet-350x263.jpg 350w, https:\/\/irrecams.de\/staging\/wp-content\/uploads\/2022\/08\/DSC02942-Bearbeitet.jpg 1920w\" sizes=\"(max-width: 767px) 89vw, (max-width: 1000px) 54vw, (max-width: 1071px) 543px, 580px\" \/><\/a><figcaption class=\"wp-element-caption\">\u00a9David Behne<\/figcaption><\/figure>\n\n\n\n<figure class=\"wp-block-image size-large\"><a href=\"http:\/\/irrecams.de\/staging\/wp-content\/uploads\/2022\/08\/DSC03147-Bearbeitet.jpg\"><img decoding=\"async\" loading=\"lazy\" width=\"1024\" height=\"684\" data-id=\"8521\"  src=\"http:\/\/irrecams.de\/staging\/wp-content\/uploads\/2022\/08\/DSC03147-Bearbeitet-1024x684.jpg\" alt=\"Milchstra\u00dfe im Teide Nationalpark 6 - Astromodifizierte Sony A7s - \u00a9David Behne\" class=\"wp-image-8521\" srcset=\"https:\/\/irrecams.de\/staging\/wp-content\/uploads\/2022\/08\/DSC03147-Bearbeitet-1024x684.jpg 1024w, https:\/\/irrecams.de\/staging\/wp-content\/uploads\/2022\/08\/DSC03147-Bearbeitet-300x200.jpg 300w, https:\/\/irrecams.de\/staging\/wp-content\/uploads\/2022\/08\/DSC03147-Bearbeitet-768x513.jpg 768w, https:\/\/irrecams.de\/staging\/wp-content\/uploads\/2022\/08\/DSC03147-Bearbeitet-1536x1026.jpg 1536w, https:\/\/irrecams.de\/staging\/wp-content\/uploads\/2022\/08\/DSC03147-Bearbeitet-18x12.jpg 18w, https:\/\/irrecams.de\/staging\/wp-content\/uploads\/2022\/08\/DSC03147-Bearbeitet-350x234.jpg 350w, https:\/\/irrecams.de\/staging\/wp-content\/uploads\/2022\/08\/DSC03147-Bearbeitet.jpg 1920w\" sizes=\"(max-width: 767px) 89vw, (max-width: 1000px) 54vw, (max-width: 1071px) 543px, 580px\" \/><\/a><figcaption class=\"wp-element-caption\">\u00a9David Behne<\/figcaption><\/figure>\n\n\n\n<figure class=\"wp-block-image size-large\"><a href=\"http:\/\/irrecams.de\/staging\/wp-content\/uploads\/2022\/08\/DSC02953-Bearbeitet.jpg\"><img decoding=\"async\" loading=\"lazy\" width=\"1024\" height=\"684\" data-id=\"8517\"  src=\"http:\/\/irrecams.de\/staging\/wp-content\/uploads\/2022\/08\/DSC02953-Bearbeitet-1024x684.jpg\" alt=\"Milchstra\u00dfe im Teide Nationalpark 2 - Astromodifizierte Sony A7s - \u00a9David Behne\" class=\"wp-image-8517\" srcset=\"https:\/\/irrecams.de\/staging\/wp-content\/uploads\/2022\/08\/DSC02953-Bearbeitet-1024x684.jpg 1024w, https:\/\/irrecams.de\/staging\/wp-content\/uploads\/2022\/08\/DSC02953-Bearbeitet-300x200.jpg 300w, https:\/\/irrecams.de\/staging\/wp-content\/uploads\/2022\/08\/DSC02953-Bearbeitet-768x513.jpg 768w, https:\/\/irrecams.de\/staging\/wp-content\/uploads\/2022\/08\/DSC02953-Bearbeitet-1536x1026.jpg 1536w, https:\/\/irrecams.de\/staging\/wp-content\/uploads\/2022\/08\/DSC02953-Bearbeitet-18x12.jpg 18w, https:\/\/irrecams.de\/staging\/wp-content\/uploads\/2022\/08\/DSC02953-Bearbeitet-350x234.jpg 350w, https:\/\/irrecams.de\/staging\/wp-content\/uploads\/2022\/08\/DSC02953-Bearbeitet.jpg 1920w\" sizes=\"(max-width: 767px) 89vw, (max-width: 1000px) 54vw, (max-width: 1071px) 543px, 580px\" \/><\/a><figcaption class=\"wp-element-caption\">\u00a9David Behne<\/figcaption><\/figure>\n<\/figure>\n\n\n\n<p>Die Bilder entstanden mit verschiedenen Festbrennweiten und Zoom-Objektiven: 14mm, 24mm, 35mm und 55mm. Ich verwende den kleinen Startracker Vixen Polarie. Da ich meist ziemlich weitwinklig fotografiere, ist eine sehr genaue Ausrichtung gar nicht erforderlich. Ich richte den Tracker lediglich per Augenma\u00df auf den Nordstern aus. Mit 24mm komme ich meist locker auf 90 Sekunden Belichtungszeit, ohne dass die Sterne verwischen.<\/p>\n\n\n\n<p>Die Fotos entstanden an insgesamt drei verschiedenen Abenden, jeweils zwischen 22:30 und 0:00. Wie man den Bildern unschwer entnehmen kann, geh\u00f6re ich zu den S\u00fcchtigen nach dem Kern der Milchstra\u00dfe. Ich versuche zwar h\u00e4ufig andere Kompositionen, aber dann drehe ich mich doch wieder nach S\u00fcd-Ost \ud83d\ude42<\/p>\n\n\n\n<figure class=\"wp-block-image size-large\"><a href=\"http:\/\/irrecams.de\/staging\/wp-content\/uploads\/2022\/08\/DSC03113-Bearbeitet.jpg\"><img decoding=\"async\" loading=\"lazy\" width=\"1024\" height=\"684\" src=\"http:\/\/irrecams.de\/staging\/wp-content\/uploads\/2022\/08\/DSC03113-Bearbeitet-1024x684.jpg\" alt=\"Milchstra\u00dfe im Teide Nationalpark 5 - Astromodifizierte Sony A7s - \u00a9David Behne\" class=\"wp-image-8520\" srcset=\"https:\/\/irrecams.de\/staging\/wp-content\/uploads\/2022\/08\/DSC03113-Bearbeitet-1024x684.jpg 1024w, https:\/\/irrecams.de\/staging\/wp-content\/uploads\/2022\/08\/DSC03113-Bearbeitet-300x200.jpg 300w, https:\/\/irrecams.de\/staging\/wp-content\/uploads\/2022\/08\/DSC03113-Bearbeitet-768x513.jpg 768w, https:\/\/irrecams.de\/staging\/wp-content\/uploads\/2022\/08\/DSC03113-Bearbeitet-1536x1026.jpg 1536w, https:\/\/irrecams.de\/staging\/wp-content\/uploads\/2022\/08\/DSC03113-Bearbeitet-18x12.jpg 18w, https:\/\/irrecams.de\/staging\/wp-content\/uploads\/2022\/08\/DSC03113-Bearbeitet-350x234.jpg 350w, https:\/\/irrecams.de\/staging\/wp-content\/uploads\/2022\/08\/DSC03113-Bearbeitet.jpg 1920w\" sizes=\"(max-width: 767px) 89vw, (max-width: 1000px) 54vw, (max-width: 1071px) 543px, 580px\" \/><\/a><figcaption class=\"wp-element-caption\">\u00a9David Behne<\/figcaption><\/figure>\n\n\n\n<p>Alle Bilder sind mit dem gleichen Rezept entstanden: Himmel und Vordergrund werden nacheinander aufgenommen. Der Himmel mit dem Startracker mit Belichtungszeiten von 45-90 Sekunden. Zus\u00e4tzlich zu den normalen Aufnahmen mache ich immer noch eine Aufnahme mit dem Starglow-Filter von Kase. Dieser erzeugt einen Schein um die gr\u00f6\u00dferen Sterne und reduziert die kleineren Sterne. So entsteht f\u00fcr mich ein etwas ruhigerer Eindruck des Nachthimmels. Die Aufnahme mit Filter blende ich sp\u00e4ter mit ca. 20% St\u00e4rke ein. Der Vordergrund wird dann ohne Startracker aufgenommen. Ich mache jeweils f\u00fcnf bis zehn Belichtungen, die ich zwecks Rauschreduzierung stacke. Die Bearbeitung ist relativ einfach und folgt meist nur einigen Schritten in Lightroom und Photoshop.<\/p>\n\n\n\n<p>Ich geh\u00f6re nicht zu denjenigen, die beliebig Vordergr\u00fcnde aufnehmen und dann die Milchstra\u00dfe in Photoshop einf\u00fcgen. Das getrennte Aufnehmen von Himmel und Vordergrund dient nur der besseren Qualit\u00e4t der Bilder am Ende.<\/p>\n\n\n\n<figure class=\"wp-block-image size-large\"><a href=\"http:\/\/irrecams.de\/staging\/wp-content\/uploads\/2022\/08\/DSC03029-Bearbeitet.jpg\"><img decoding=\"async\" loading=\"lazy\" width=\"684\" height=\"1024\" src=\"http:\/\/irrecams.de\/staging\/wp-content\/uploads\/2022\/08\/DSC03029-Bearbeitet-684x1024.jpg\" alt=\"Milchstra\u00dfe im Teide Nationalpark 4 - Astromodifizierte Sony A7s - \u00a9David Behne\" class=\"wp-image-8519\" srcset=\"https:\/\/irrecams.de\/staging\/wp-content\/uploads\/2022\/08\/DSC03029-Bearbeitet-684x1024.jpg 684w, https:\/\/irrecams.de\/staging\/wp-content\/uploads\/2022\/08\/DSC03029-Bearbeitet-200x300.jpg 200w, https:\/\/irrecams.de\/staging\/wp-content\/uploads\/2022\/08\/DSC03029-Bearbeitet-768x1150.jpg 768w, https:\/\/irrecams.de\/staging\/wp-content\/uploads\/2022\/08\/DSC03029-Bearbeitet-1026x1536.jpg 1026w, https:\/\/irrecams.de\/staging\/wp-content\/uploads\/2022\/08\/DSC03029-Bearbeitet-8x12.jpg 8w, https:\/\/irrecams.de\/staging\/wp-content\/uploads\/2022\/08\/DSC03029-Bearbeitet-350x524.jpg 350w, https:\/\/irrecams.de\/staging\/wp-content\/uploads\/2022\/08\/DSC03029-Bearbeitet.jpg 1282w\" sizes=\"(max-width: 684px) 100vw, 684px\" \/><\/a><figcaption class=\"wp-element-caption\">\u00a9David Behne<\/figcaption><\/figure>\n","protected":false},"excerpt":{"rendered":"<p>ein Beitrag von David Behne Ich habe k\u00fcrzlich meine Sony A7s mit einem Astrofilter bei IRreCams umbauen lassen. Die erste Chance, die umgebaute Kamera zu testen, ergab sich nun im Sommer auf Teneriffa. In der Mitte der Insel liegt der vulkanische Nationalpark Teide. Obwohl die Insel nicht sehr gro\u00df ist und sich einige St\u00e4dte um &hellip; <\/p>\n<p class=\"link-more\"><a href=\"https:\/\/irrecams.de\/staging\/blog\/2022\/milchstrasse-mit-astro-modifizierter-kamera-im-teide-nationalpark\/\" class=\"more-link\"><span class=\"screen-reader-text\">\u201eMilchstra\u00dfe im Teide Nationalpark\u201c<\/span> weiterlesen<\/a><\/p>\n","protected":false},"author":3,"featured_media":8522,"comment_status":"closed","ping_status":"closed","sticky":false,"template":"","format":"standard","meta":[],"categories":[3,358],"tags":[754,758,757,759,755,756],"_links":{"self":[{"href":"https:\/\/irrecams.de\/staging\/wp-json\/wp\/v2\/posts\/8523"}],"collection":[{"href":"https:\/\/irrecams.de\/staging\/wp-json\/wp\/v2\/posts"}],"about":[{"href":"https:\/\/irrecams.de\/staging\/wp-json\/wp\/v2\/types\/post"}],"author":[{"embeddable":true,"href":"https:\/\/irrecams.de\/staging\/wp-json\/wp\/v2\/users\/3"}],"replies":[{"embeddable":true,"href":"https:\/\/irrecams.de\/staging\/wp-json\/wp\/v2\/comments?post=8523"}],"version-history":[{"count":7,"href":"https:\/\/irrecams.de\/staging\/wp-json\/wp\/v2\/posts\/8523\/revisions"}],"predecessor-version":[{"id":9096,"href":"https:\/\/irrecams.de\/staging\/wp-json\/wp\/v2\/posts\/8523\/revisions\/9096"}],"wp:featuredmedia":[{"embeddable":true,"href":"https:\/\/irrecams.de\/staging\/wp-json\/wp\/v2\/media\/8522"}],"wp:attachment":[{"href":"https:\/\/irrecams.de\/staging\/wp-json\/wp\/v2\/media?parent=8523"}],"wp:term":[{"taxonomy":"category","embeddable":true,"href":"https:\/\/irrecams.de\/staging\/wp-json\/wp\/v2\/categories?post=8523"},{"taxonomy":"post_tag","embeddable":true,"href":"https:\/\/irrecams.de\/staging\/wp-json\/wp\/v2\/tags?post=8523"}],"curies":[{"name":"wp","href":"https:\/\/api.w.org\/{rel}","templated":true}]}}