{"id":8728,"date":"2022-09-28T22:07:18","date_gmt":"2022-09-28T20:07:18","guid":{"rendered":"http:\/\/irrecams.de\/staging\/?p=8728"},"modified":"2022-12-04T13:59:57","modified_gmt":"2022-12-04T12:59:57","slug":"erste-erfahrungen-mit-der-630-nm-ir-kamera","status":"publish","type":"post","link":"https:\/\/irrecams.de\/staging\/blog\/2022\/erste-erfahrungen-mit-der-630-nm-ir-kamera\/","title":{"rendered":"Erste Erfahrungen mit der 630 nm IR Kamera"},"content":{"rendered":"\n<p class=\"has-small-font-size\">Autor: Herbert Bernhard Hecker<\/p>\n\n\n\n<p>Seit ich vor einigen Jahren einmal einige digitale Colorkey-IR-Aufnahmen (blauer Himmel in Verbindung mit wei\u00dfem Laub und wei\u00dfem Rasen) gesehen habe, hat mich der Gedanke begeistert, es selber mal versuchen zu wollen. Und ich habe es noch keine Minute bereut. Ich bin begeistert von der Qualit\u00e4t des Umbaus samt 630er Filter und den damit verbundenen Bild-M\u00f6glichkeiten. Was ich auch an dem Kamera-Umbau sch\u00e4tze, ist, dass man bei ISO 100 problemlos aus der Hand fotografieren kann.<\/p>\n\n\n\n<!--more-->\n\n\n\n<figure class=\"wp-block-image size-large\"><a href=\"http:\/\/irrecams.de\/staging\/wp-content\/uploads\/2022\/09\/Tagebau-Teich-Binsfeld-IR-630_22063_1080.jpg\"><img decoding=\"async\" loading=\"lazy\" width=\"1024\" height=\"681\" src=\"http:\/\/irrecams.de\/staging\/wp-content\/uploads\/2022\/09\/Tagebau-Teich-Binsfeld-IR-630_22063_1080-1024x681.jpg\" alt=\"Tagebau-Teich-Binsfeld (IR 630 nm)\" class=\"wp-image-8732\" srcset=\"https:\/\/irrecams.de\/staging\/wp-content\/uploads\/2022\/09\/Tagebau-Teich-Binsfeld-IR-630_22063_1080-1024x681.jpg 1024w, https:\/\/irrecams.de\/staging\/wp-content\/uploads\/2022\/09\/Tagebau-Teich-Binsfeld-IR-630_22063_1080-300x200.jpg 300w, https:\/\/irrecams.de\/staging\/wp-content\/uploads\/2022\/09\/Tagebau-Teich-Binsfeld-IR-630_22063_1080-768x511.jpg 768w, https:\/\/irrecams.de\/staging\/wp-content\/uploads\/2022\/09\/Tagebau-Teich-Binsfeld-IR-630_22063_1080-1536x1021.jpg 1536w, https:\/\/irrecams.de\/staging\/wp-content\/uploads\/2022\/09\/Tagebau-Teich-Binsfeld-IR-630_22063_1080-18x12.jpg 18w, https:\/\/irrecams.de\/staging\/wp-content\/uploads\/2022\/09\/Tagebau-Teich-Binsfeld-IR-630_22063_1080-350x233.jpg 350w, https:\/\/irrecams.de\/staging\/wp-content\/uploads\/2022\/09\/Tagebau-Teich-Binsfeld-IR-630_22063_1080.jpg 1624w\" sizes=\"(max-width: 767px) 89vw, (max-width: 1000px) 54vw, (max-width: 1071px) 543px, 580px\" \/><\/a><figcaption class=\"wp-element-caption\">Tagebau-Teich-Binsfeld (IR 630 nm)<\/figcaption><\/figure>\n\n\n\n<p>Allerdings muss ich zugeben, war der Punkt, dass diese Aufnahmen aufwendig mit einer RAW-Entwicklung ausgearbeitet werden m\u00fcssen, lange Zeit ziemlich abschreckend. So wie fr\u00fcher das leidige Einrahmen der Dias, so war auch der Gedanke an den Aufwand einer RAW-Entwicklung aller meiner digitalen Bilder wenig erbauend.<\/p>\n\n\n\n<p>So habe ich also seit 15 Jahren alles in JPEG fotografiert. Dieses \u201ebequeme Fotoleben\u201c wurde nat\u00fcrlich auch durch die eingebauten Sony Alpha-Features gef\u00f6rdert. Denn mit dem einstellbaren DRO und HDR-M\u00f6glichkeiten kann man je nach Aufnahmesituation die JPEG-Ausgabe schon im Vorfeld sehr gezielt beeinflussen. Und wo angebracht, dann sp\u00e4ter mit einfach zu bedienender Bildoptimierung in PaintShopPro ggf. schnell noch dr\u00fcber gehen.<\/p>\n\n\n\n<figure class=\"wp-block-gallery has-nested-images columns-3 is-cropped wp-block-gallery-1 is-layout-flex\">\n<figure class=\"wp-block-image size-large\"><a href=\"http:\/\/irrecams.de\/staging\/wp-content\/uploads\/2022\/09\/Bieber-Teich-Lascheiderhof-IR-630_23046_01_1080.jpg\"><img decoding=\"async\" loading=\"lazy\" width=\"1024\" height=\"681\" data-id=\"8736\"  src=\"http:\/\/irrecams.de\/staging\/wp-content\/uploads\/2022\/09\/Bieber-Teich-Lascheiderhof-IR-630_23046_01_1080-1024x681.jpg\" alt=\"Bieber-Teich Lascheiderhof (630nm)\" class=\"wp-image-8736\" srcset=\"https:\/\/irrecams.de\/staging\/wp-content\/uploads\/2022\/09\/Bieber-Teich-Lascheiderhof-IR-630_23046_01_1080-1024x681.jpg 1024w, https:\/\/irrecams.de\/staging\/wp-content\/uploads\/2022\/09\/Bieber-Teich-Lascheiderhof-IR-630_23046_01_1080-300x200.jpg 300w, https:\/\/irrecams.de\/staging\/wp-content\/uploads\/2022\/09\/Bieber-Teich-Lascheiderhof-IR-630_23046_01_1080-768x511.jpg 768w, https:\/\/irrecams.de\/staging\/wp-content\/uploads\/2022\/09\/Bieber-Teich-Lascheiderhof-IR-630_23046_01_1080-1536x1021.jpg 1536w, https:\/\/irrecams.de\/staging\/wp-content\/uploads\/2022\/09\/Bieber-Teich-Lascheiderhof-IR-630_23046_01_1080-18x12.jpg 18w, https:\/\/irrecams.de\/staging\/wp-content\/uploads\/2022\/09\/Bieber-Teich-Lascheiderhof-IR-630_23046_01_1080-350x233.jpg 350w, https:\/\/irrecams.de\/staging\/wp-content\/uploads\/2022\/09\/Bieber-Teich-Lascheiderhof-IR-630_23046_01_1080.jpg 1624w\" sizes=\"(max-width: 767px) 89vw, (max-width: 1000px) 54vw, (max-width: 1071px) 543px, 580px\" \/><\/a><figcaption class=\"wp-element-caption\">Bieber-Teich Lascheiderhof (630nm)<\/figcaption><\/figure>\n\n\n\n<figure class=\"wp-block-image size-large\"><a href=\"http:\/\/irrecams.de\/staging\/wp-content\/uploads\/2022\/09\/Bieber-Teich-Lascheiderhof-IR-630_22931_1080.jpg\"><img decoding=\"async\" loading=\"lazy\" width=\"1024\" height=\"681\" data-id=\"8735\"  src=\"http:\/\/irrecams.de\/staging\/wp-content\/uploads\/2022\/09\/Bieber-Teich-Lascheiderhof-IR-630_22931_1080-1024x681.jpg\" alt=\"Bieber-Teich Lascheiderhof (630nm)\" class=\"wp-image-8735\" srcset=\"https:\/\/irrecams.de\/staging\/wp-content\/uploads\/2022\/09\/Bieber-Teich-Lascheiderhof-IR-630_22931_1080-1024x681.jpg 1024w, https:\/\/irrecams.de\/staging\/wp-content\/uploads\/2022\/09\/Bieber-Teich-Lascheiderhof-IR-630_22931_1080-300x200.jpg 300w, https:\/\/irrecams.de\/staging\/wp-content\/uploads\/2022\/09\/Bieber-Teich-Lascheiderhof-IR-630_22931_1080-768x511.jpg 768w, https:\/\/irrecams.de\/staging\/wp-content\/uploads\/2022\/09\/Bieber-Teich-Lascheiderhof-IR-630_22931_1080-1536x1021.jpg 1536w, https:\/\/irrecams.de\/staging\/wp-content\/uploads\/2022\/09\/Bieber-Teich-Lascheiderhof-IR-630_22931_1080-18x12.jpg 18w, https:\/\/irrecams.de\/staging\/wp-content\/uploads\/2022\/09\/Bieber-Teich-Lascheiderhof-IR-630_22931_1080-350x233.jpg 350w, https:\/\/irrecams.de\/staging\/wp-content\/uploads\/2022\/09\/Bieber-Teich-Lascheiderhof-IR-630_22931_1080.jpg 1624w\" sizes=\"(max-width: 767px) 89vw, (max-width: 1000px) 54vw, (max-width: 1071px) 543px, 580px\" \/><\/a><figcaption class=\"wp-element-caption\">Bieber-Teich Lascheiderhof (630nm)<\/figcaption><\/figure>\n\n\n\n<figure class=\"wp-block-image size-large\"><a href=\"http:\/\/irrecams.de\/staging\/wp-content\/uploads\/2022\/09\/Bieber-Teich-Lascheiderhof-IR-630_22908_1080.jpg\"><img decoding=\"async\" loading=\"lazy\" width=\"1024\" height=\"681\" data-id=\"8734\"  src=\"http:\/\/irrecams.de\/staging\/wp-content\/uploads\/2022\/09\/Bieber-Teich-Lascheiderhof-IR-630_22908_1080-1024x681.jpg\" alt=\"Bieber-Teich Lascheiderhof (630nm)\" class=\"wp-image-8734\" srcset=\"https:\/\/irrecams.de\/staging\/wp-content\/uploads\/2022\/09\/Bieber-Teich-Lascheiderhof-IR-630_22908_1080-1024x681.jpg 1024w, https:\/\/irrecams.de\/staging\/wp-content\/uploads\/2022\/09\/Bieber-Teich-Lascheiderhof-IR-630_22908_1080-300x200.jpg 300w, https:\/\/irrecams.de\/staging\/wp-content\/uploads\/2022\/09\/Bieber-Teich-Lascheiderhof-IR-630_22908_1080-768x511.jpg 768w, https:\/\/irrecams.de\/staging\/wp-content\/uploads\/2022\/09\/Bieber-Teich-Lascheiderhof-IR-630_22908_1080-1536x1021.jpg 1536w, https:\/\/irrecams.de\/staging\/wp-content\/uploads\/2022\/09\/Bieber-Teich-Lascheiderhof-IR-630_22908_1080-18x12.jpg 18w, https:\/\/irrecams.de\/staging\/wp-content\/uploads\/2022\/09\/Bieber-Teich-Lascheiderhof-IR-630_22908_1080-350x233.jpg 350w, https:\/\/irrecams.de\/staging\/wp-content\/uploads\/2022\/09\/Bieber-Teich-Lascheiderhof-IR-630_22908_1080.jpg 1624w\" sizes=\"(max-width: 767px) 89vw, (max-width: 1000px) 54vw, (max-width: 1071px) 543px, 580px\" \/><\/a><figcaption class=\"wp-element-caption\">Bieber-Teich Lascheiderhof (630nm)<\/figcaption><\/figure>\n<\/figure>\n\n\n\n<p>Erst die sehr hilfreichen <a href=\"http:\/\/irrecams.de\/staging\/blog\/videos\/\" data-type=\"category\" data-id=\"287\">darktable-Videos<\/a> hier auf IRreCams haben mich \u00fcberzeugt, den f\u00fcr IR-Aufnahmen notwendigen Prozess \u2013 jetzt im fortgeschrittenen Rentenalter \u2013 doch noch in Angriff zu nehmen. Und die RAW-Bearbeitung ist inzwischen in Sachen IR voll akzeptabel. Beim Ausarbeiten in darktable gibt es immer noch viel Luft nach oben. Aber ich hoffe, dass die Ergebnisse mit der Zeit konstanter werden. Was mir in meinen bearbeiteten Landschaftsbildern wichtig ist, ist ein strahlend blauer Himmel, also ein \u00e4hnliches Blau wie bei der Aufnahme. Daher lege ich die Abstimmung des Wei\u00dfabgleichs nicht auf eine neutrale Stelle im Bild, sondern versuche den Himmel schon bei der Aufnahme, oder sp\u00e4testens noch vor dem Kanaltausch, in ein sattes Rotbraun zu bekommen.<\/p>\n\n\n\n<p>Meist gefallen mir die ausgearbeiteten Color-Key-Fotos am besten. Die Ausarbeitung als Variante mit gelbem Laub\/Rasen finde ich meist dann besser, wenn ich in der \u201ewei\u00dfen\u201c Version aufgrund von etwas weniger Sonne kein Leuchten des wei\u00dfen Laubs zustande bringe.<\/p>\n\n\n\n<figure class=\"wp-block-gallery has-nested-images columns-2 is-cropped wp-block-gallery-3 is-layout-flex\">\n<figure class=\"wp-block-image size-large\"><a href=\"http:\/\/irrecams.de\/staging\/wp-content\/uploads\/2022\/09\/Bluetenstaub-Windsborn-Kratersee-IR-630_21569_1080.jpg\"><img decoding=\"async\" loading=\"lazy\" width=\"1024\" height=\"683\" data-id=\"8737\"  src=\"http:\/\/irrecams.de\/staging\/wp-content\/uploads\/2022\/09\/Bluetenstaub-Windsborn-Kratersee-IR-630_21569_1080-1024x683.jpg\" alt=\"Bl\u00fctenstaub Windsborn Kratersee (IR 630 nm)\" class=\"wp-image-8737\" srcset=\"https:\/\/irrecams.de\/staging\/wp-content\/uploads\/2022\/09\/Bluetenstaub-Windsborn-Kratersee-IR-630_21569_1080-1024x683.jpg 1024w, https:\/\/irrecams.de\/staging\/wp-content\/uploads\/2022\/09\/Bluetenstaub-Windsborn-Kratersee-IR-630_21569_1080-300x200.jpg 300w, https:\/\/irrecams.de\/staging\/wp-content\/uploads\/2022\/09\/Bluetenstaub-Windsborn-Kratersee-IR-630_21569_1080-768x512.jpg 768w, https:\/\/irrecams.de\/staging\/wp-content\/uploads\/2022\/09\/Bluetenstaub-Windsborn-Kratersee-IR-630_21569_1080-1536x1024.jpg 1536w, https:\/\/irrecams.de\/staging\/wp-content\/uploads\/2022\/09\/Bluetenstaub-Windsborn-Kratersee-IR-630_21569_1080-18x12.jpg 18w, https:\/\/irrecams.de\/staging\/wp-content\/uploads\/2022\/09\/Bluetenstaub-Windsborn-Kratersee-IR-630_21569_1080-350x233.jpg 350w, https:\/\/irrecams.de\/staging\/wp-content\/uploads\/2022\/09\/Bluetenstaub-Windsborn-Kratersee-IR-630_21569_1080.jpg 1620w\" sizes=\"(max-width: 767px) 89vw, (max-width: 1000px) 54vw, (max-width: 1071px) 543px, 580px\" \/><\/a><figcaption class=\"wp-element-caption\">Bl\u00fctenstaub Windsborn Kratersee (IR 630 nm)<\/figcaption><\/figure>\n\n\n\n<figure class=\"wp-block-image size-large\"><a href=\"http:\/\/irrecams.de\/staging\/wp-content\/uploads\/2022\/09\/Streuobstwiese-im-Tal-der-Pruem-IR-630_21919_1080.jpg\"><img decoding=\"async\" loading=\"lazy\" width=\"1024\" height=\"683\" data-id=\"8739\"  src=\"http:\/\/irrecams.de\/staging\/wp-content\/uploads\/2022\/09\/Streuobstwiese-im-Tal-der-Pruem-IR-630_21919_1080-1024x683.jpg\" alt=\"Streuobstwiese im Tal der Pr\u00fcm (IR 630 nm)\" class=\"wp-image-8739\" srcset=\"https:\/\/irrecams.de\/staging\/wp-content\/uploads\/2022\/09\/Streuobstwiese-im-Tal-der-Pruem-IR-630_21919_1080-1024x683.jpg 1024w, https:\/\/irrecams.de\/staging\/wp-content\/uploads\/2022\/09\/Streuobstwiese-im-Tal-der-Pruem-IR-630_21919_1080-300x200.jpg 300w, https:\/\/irrecams.de\/staging\/wp-content\/uploads\/2022\/09\/Streuobstwiese-im-Tal-der-Pruem-IR-630_21919_1080-768x512.jpg 768w, https:\/\/irrecams.de\/staging\/wp-content\/uploads\/2022\/09\/Streuobstwiese-im-Tal-der-Pruem-IR-630_21919_1080-1536x1024.jpg 1536w, https:\/\/irrecams.de\/staging\/wp-content\/uploads\/2022\/09\/Streuobstwiese-im-Tal-der-Pruem-IR-630_21919_1080-18x12.jpg 18w, https:\/\/irrecams.de\/staging\/wp-content\/uploads\/2022\/09\/Streuobstwiese-im-Tal-der-Pruem-IR-630_21919_1080-350x233.jpg 350w, https:\/\/irrecams.de\/staging\/wp-content\/uploads\/2022\/09\/Streuobstwiese-im-Tal-der-Pruem-IR-630_21919_1080.jpg 1620w\" sizes=\"(max-width: 767px) 89vw, (max-width: 1000px) 54vw, (max-width: 1071px) 543px, 580px\" \/><\/a><figcaption class=\"wp-element-caption\">Streuobstwiese im Tal der Pr\u00fcm (IR 630 nm)<\/figcaption><\/figure>\n\n\n\n<figure class=\"wp-block-image size-large\"><a href=\"http:\/\/irrecams.de\/staging\/wp-content\/uploads\/2022\/09\/Streuobstwiese-im-Tal-der-Pruem-IR-630_21934_1080.jpg\"><img decoding=\"async\" loading=\"lazy\" width=\"1024\" height=\"683\" data-id=\"8740\"  src=\"http:\/\/irrecams.de\/staging\/wp-content\/uploads\/2022\/09\/Streuobstwiese-im-Tal-der-Pruem-IR-630_21934_1080-1024x683.jpg\" alt=\"Streuobstwiese im Tal der Pr\u00fcm (IR 630 nm)\" class=\"wp-image-8740\" srcset=\"https:\/\/irrecams.de\/staging\/wp-content\/uploads\/2022\/09\/Streuobstwiese-im-Tal-der-Pruem-IR-630_21934_1080-1024x683.jpg 1024w, https:\/\/irrecams.de\/staging\/wp-content\/uploads\/2022\/09\/Streuobstwiese-im-Tal-der-Pruem-IR-630_21934_1080-300x200.jpg 300w, https:\/\/irrecams.de\/staging\/wp-content\/uploads\/2022\/09\/Streuobstwiese-im-Tal-der-Pruem-IR-630_21934_1080-768x512.jpg 768w, https:\/\/irrecams.de\/staging\/wp-content\/uploads\/2022\/09\/Streuobstwiese-im-Tal-der-Pruem-IR-630_21934_1080-1536x1024.jpg 1536w, https:\/\/irrecams.de\/staging\/wp-content\/uploads\/2022\/09\/Streuobstwiese-im-Tal-der-Pruem-IR-630_21934_1080-18x12.jpg 18w, https:\/\/irrecams.de\/staging\/wp-content\/uploads\/2022\/09\/Streuobstwiese-im-Tal-der-Pruem-IR-630_21934_1080-350x233.jpg 350w, https:\/\/irrecams.de\/staging\/wp-content\/uploads\/2022\/09\/Streuobstwiese-im-Tal-der-Pruem-IR-630_21934_1080.jpg 1620w\" sizes=\"(max-width: 767px) 89vw, (max-width: 1000px) 54vw, (max-width: 1071px) 543px, 580px\" \/><\/a><figcaption class=\"wp-element-caption\">Streuobstwiese im Tal der Pr\u00fcm (IR 630 nm)<\/figcaption><\/figure>\n<\/figure>\n\n\n\n<p>Um \u2013 ganz grunds\u00e4tzlich &#8211; bei Landschafts-Fotos die fehlende R\u00e4umlichkeit ein wenig zu ersetzen, bin ich im Laufe der Jahre immer mehr zu einem Weitwinkel-Fotografen geworden. Die 18er Weitwinkel-Einstellung meines Zooms ist meine eigentliche Standardbrennweite geworden. Und die sogenannten Superweitwinkel, wie das 10er und das 14er sind daher f\u00fcr mich &#8211; gef\u00fchlt &#8211; ganz normale Weitwinkel. Meine Weitwinkelfotografie, bevorzugt eingesetzt mit Seiten- oder Gegenlicht, hat so im Laufe der Jahre Automatismen beim Fotografieren hervorgebracht, die anfangs in meinen IR-Aufnahmen so manches entt\u00e4uschende Bildergebnis gebracht haben.<\/p>\n\n\n\n<p>Denn f\u00fcr erste gute IR-Fotos ist die Uralt-Regel \u201eSonne im R\u00fccken\u201c das absolute Erfolgsrezept! Und je kr\u00e4ftiger die Sonne, umso besser! Das bringt ein herrliches Leuchten in Laub und Wiesen und damit, wie ich finde, einen besonders sch\u00f6nen Gegenpol zu dem Blau des Himmels.<\/p>\n\n\n\n<p>Mein Empfehlung f\u00fcr erste IR-Aufnahmen:<\/p>\n\n\n\n<ul>\n<li>Volle Sonne (weitestgehend im R\u00fccken)<\/li>\n\n\n\n<li>Gr\u00f6\u00dfere Schattenbereiche im Bild vermeiden<\/li>\n\n\n\n<li>Blauer Himmel mit aufgelockerten Wolken<\/li>\n\n\n\n<li>Gr\u00fcne Laubb\u00e4ume zusammen mit gr\u00fcner Wiese<\/li>\n\n\n\n<li>See mit Uferzone, vielleicht noch mit Spiegelungen des Himmels in blau und wei\u00df<\/li>\n<\/ul>\n\n\n\n<p>Und f\u00fcr &#8222;fortgeschrittene&#8220; IR Fotografen:<\/p>\n\n\n\n<ol>\n<li> Wenn der Vordergrund nicht sonnenbeschienen ist, kann man das mit Aufhellblitzen i.d.R. verbessern.<\/li>\n\n\n\n<li>Bei manuellen Weitwinkel Objektiven ist der Entfernungs- und Blendenring bei mir mit einem Gewebe-Klebeband in der Hyperfocal-Entfernung (mit etwas Sicherheits-Tendenz Richtung Unendlich) und Blende 8 gesichert.<\/li>\n<\/ol>\n\n\n\n<figure class=\"wp-block-image size-large\"><a href=\"http:\/\/irrecams.de\/staging\/wp-content\/uploads\/2022\/09\/Eichholzmaar-IR-630_22267_1080.jpg\"><img decoding=\"async\" loading=\"lazy\" width=\"1024\" height=\"681\" src=\"http:\/\/irrecams.de\/staging\/wp-content\/uploads\/2022\/09\/Eichholzmaar-IR-630_22267_1080-1024x681.jpg\" alt=\"Eichholzmaar (IR 630 nm)\" class=\"wp-image-8738\" srcset=\"https:\/\/irrecams.de\/staging\/wp-content\/uploads\/2022\/09\/Eichholzmaar-IR-630_22267_1080-1024x681.jpg 1024w, https:\/\/irrecams.de\/staging\/wp-content\/uploads\/2022\/09\/Eichholzmaar-IR-630_22267_1080-300x200.jpg 300w, https:\/\/irrecams.de\/staging\/wp-content\/uploads\/2022\/09\/Eichholzmaar-IR-630_22267_1080-768x511.jpg 768w, https:\/\/irrecams.de\/staging\/wp-content\/uploads\/2022\/09\/Eichholzmaar-IR-630_22267_1080-1536x1021.jpg 1536w, https:\/\/irrecams.de\/staging\/wp-content\/uploads\/2022\/09\/Eichholzmaar-IR-630_22267_1080-18x12.jpg 18w, https:\/\/irrecams.de\/staging\/wp-content\/uploads\/2022\/09\/Eichholzmaar-IR-630_22267_1080-350x233.jpg 350w, https:\/\/irrecams.de\/staging\/wp-content\/uploads\/2022\/09\/Eichholzmaar-IR-630_22267_1080.jpg 1624w\" sizes=\"(max-width: 767px) 89vw, (max-width: 1000px) 54vw, (max-width: 1071px) 543px, 580px\" \/><\/a><figcaption class=\"wp-element-caption\">Eichholzmaar (IR 630 nm)<\/figcaption><\/figure>\n","protected":false},"excerpt":{"rendered":"<p>Autor: Herbert Bernhard Hecker Seit ich vor einigen Jahren einmal einige digitale Colorkey-IR-Aufnahmen (blauer Himmel in Verbindung mit wei\u00dfem Laub und wei\u00dfem Rasen) gesehen habe, hat mich der Gedanke begeistert, es selber mal versuchen zu wollen. Und ich habe es noch keine Minute bereut. Ich bin begeistert von der Qualit\u00e4t des Umbaus samt 630er Filter &hellip; <\/p>\n<p class=\"link-more\"><a href=\"https:\/\/irrecams.de\/staging\/blog\/2022\/erste-erfahrungen-mit-der-630-nm-ir-kamera\/\" class=\"more-link\"><span class=\"screen-reader-text\">\u201eErste Erfahrungen mit der 630 nm IR Kamera\u201c<\/span> weiterlesen<\/a><\/p>\n","protected":false},"author":3,"featured_media":8730,"comment_status":"closed","ping_status":"closed","sticky":false,"template":"","format":"standard","meta":[],"categories":[3,358],"tags":[],"_links":{"self":[{"href":"https:\/\/irrecams.de\/staging\/wp-json\/wp\/v2\/posts\/8728"}],"collection":[{"href":"https:\/\/irrecams.de\/staging\/wp-json\/wp\/v2\/posts"}],"about":[{"href":"https:\/\/irrecams.de\/staging\/wp-json\/wp\/v2\/types\/post"}],"author":[{"embeddable":true,"href":"https:\/\/irrecams.de\/staging\/wp-json\/wp\/v2\/users\/3"}],"replies":[{"embeddable":true,"href":"https:\/\/irrecams.de\/staging\/wp-json\/wp\/v2\/comments?post=8728"}],"version-history":[{"count":8,"href":"https:\/\/irrecams.de\/staging\/wp-json\/wp\/v2\/posts\/8728\/revisions"}],"predecessor-version":[{"id":9095,"href":"https:\/\/irrecams.de\/staging\/wp-json\/wp\/v2\/posts\/8728\/revisions\/9095"}],"wp:featuredmedia":[{"embeddable":true,"href":"https:\/\/irrecams.de\/staging\/wp-json\/wp\/v2\/media\/8730"}],"wp:attachment":[{"href":"https:\/\/irrecams.de\/staging\/wp-json\/wp\/v2\/media?parent=8728"}],"wp:term":[{"taxonomy":"category","embeddable":true,"href":"https:\/\/irrecams.de\/staging\/wp-json\/wp\/v2\/categories?post=8728"},{"taxonomy":"post_tag","embeddable":true,"href":"https:\/\/irrecams.de\/staging\/wp-json\/wp\/v2\/tags?post=8728"}],"curies":[{"name":"wp","href":"https:\/\/api.w.org\/{rel}","templated":true}]}}