{"id":9040,"date":"2022-11-29T18:30:00","date_gmt":"2022-11-29T17:30:00","guid":{"rendered":"http:\/\/irrecams.de\/staging\/?p=9040"},"modified":"2022-12-04T13:59:45","modified_gmt":"2022-12-04T12:59:45","slug":"architektur-in-infrarot","status":"publish","type":"post","link":"https:\/\/irrecams.de\/staging\/blog\/2022\/architektur-in-infrarot\/","title":{"rendered":"Architektur in Infrarot"},"content":{"rendered":"\n<p class=\"has-small-font-size\">Autor: Werner Eisenreich<\/p>\n\n\n\n<p>Ich fotografiere seit meinem 6. Lebensjahr, also praktisch so lange wie ich mich erinnern kann. Die Infrarot Fotografie kehrte 1990 in analoger Form in mein Leben ein, vor 2 Jahren auch digital mit einer umgebauten Fujifilm X-M1 mit 700nm Infrarot Filter.<\/p>\n\n\n\n<!--more-->\n\n\n\n<figure class=\"wp-block-gallery has-nested-images columns-2 is-cropped wp-block-gallery-1 is-layout-flex\">\n<figure class=\"wp-block-image size-large\"><a href=\"http:\/\/irrecams.de\/staging\/wp-content\/uploads\/2022\/11\/2022_0303_18165100.jpg\"><img decoding=\"async\" loading=\"lazy\" width=\"1024\" height=\"682\" data-id=\"9043\"  src=\"http:\/\/irrecams.de\/staging\/wp-content\/uploads\/2022\/11\/2022_0303_18165100-1024x682.jpg\" alt=\"\u00a9Werner Eisenreich\" class=\"wp-image-9043\" srcset=\"https:\/\/irrecams.de\/staging\/wp-content\/uploads\/2022\/11\/2022_0303_18165100-1024x682.jpg 1024w, https:\/\/irrecams.de\/staging\/wp-content\/uploads\/2022\/11\/2022_0303_18165100-300x200.jpg 300w, https:\/\/irrecams.de\/staging\/wp-content\/uploads\/2022\/11\/2022_0303_18165100-768x512.jpg 768w, https:\/\/irrecams.de\/staging\/wp-content\/uploads\/2022\/11\/2022_0303_18165100-1536x1023.jpg 1536w, https:\/\/irrecams.de\/staging\/wp-content\/uploads\/2022\/11\/2022_0303_18165100-18x12.jpg 18w, https:\/\/irrecams.de\/staging\/wp-content\/uploads\/2022\/11\/2022_0303_18165100-350x233.jpg 350w, https:\/\/irrecams.de\/staging\/wp-content\/uploads\/2022\/11\/2022_0303_18165100.jpg 1719w\" sizes=\"(max-width: 767px) 89vw, (max-width: 1000px) 54vw, (max-width: 1071px) 543px, 580px\" \/><\/a><figcaption class=\"wp-element-caption\">\u00a9Werner Eisenreich<\/figcaption><\/figure>\n\n\n\n<figure class=\"wp-block-image size-large\"><a href=\"http:\/\/irrecams.de\/staging\/wp-content\/uploads\/2022\/11\/2022_0308_11442000.jpg\"><img decoding=\"async\" loading=\"lazy\" width=\"781\" height=\"1024\" data-id=\"9044\"  src=\"http:\/\/irrecams.de\/staging\/wp-content\/uploads\/2022\/11\/2022_0308_11442000-781x1024.jpg\" alt=\"\u00a9Werner Eisenreich\" class=\"wp-image-9044\" srcset=\"https:\/\/irrecams.de\/staging\/wp-content\/uploads\/2022\/11\/2022_0308_11442000-781x1024.jpg 781w, https:\/\/irrecams.de\/staging\/wp-content\/uploads\/2022\/11\/2022_0308_11442000-229x300.jpg 229w, https:\/\/irrecams.de\/staging\/wp-content\/uploads\/2022\/11\/2022_0308_11442000-768x1007.jpg 768w, https:\/\/irrecams.de\/staging\/wp-content\/uploads\/2022\/11\/2022_0308_11442000-9x12.jpg 9w, https:\/\/irrecams.de\/staging\/wp-content\/uploads\/2022\/11\/2022_0308_11442000-350x459.jpg 350w, https:\/\/irrecams.de\/staging\/wp-content\/uploads\/2022\/11\/2022_0308_11442000.jpg 1154w\" sizes=\"(max-width: 767px) 89vw, (max-width: 1000px) 54vw, (max-width: 1071px) 543px, 580px\" \/><\/a><figcaption class=\"wp-element-caption\">\u00a9Werner Eisenreich<\/figcaption><\/figure>\n\n\n\n<figure class=\"wp-block-image size-large\"><a href=\"http:\/\/irrecams.de\/staging\/wp-content\/uploads\/2022\/11\/2022_0816_14371600.jpg\"><img decoding=\"async\" loading=\"lazy\" width=\"1024\" height=\"736\" data-id=\"9045\"  src=\"http:\/\/irrecams.de\/staging\/wp-content\/uploads\/2022\/11\/2022_0816_14371600-1024x736.jpg\" alt=\"\u00a9Werner Eisenreich\" class=\"wp-image-9045\" srcset=\"https:\/\/irrecams.de\/staging\/wp-content\/uploads\/2022\/11\/2022_0816_14371600-1024x736.jpg 1024w, https:\/\/irrecams.de\/staging\/wp-content\/uploads\/2022\/11\/2022_0816_14371600-300x216.jpg 300w, https:\/\/irrecams.de\/staging\/wp-content\/uploads\/2022\/11\/2022_0816_14371600-768x552.jpg 768w, https:\/\/irrecams.de\/staging\/wp-content\/uploads\/2022\/11\/2022_0816_14371600-18x12.jpg 18w, https:\/\/irrecams.de\/staging\/wp-content\/uploads\/2022\/11\/2022_0816_14371600-350x252.jpg 350w, https:\/\/irrecams.de\/staging\/wp-content\/uploads\/2022\/11\/2022_0816_14371600.jpg 1533w\" sizes=\"(max-width: 767px) 89vw, (max-width: 1000px) 54vw, (max-width: 1071px) 543px, 580px\" \/><\/a><figcaption class=\"wp-element-caption\">\u00a9Werner Eisenreich<\/figcaption><\/figure>\n<\/figure>\n\n\n\n<p>Meine Infrarot Fotografien beziehen sich \u00fcberwiegend in Richtung Architektur. Um m\u00f6glichst reichhaltige Kontraste im Bild zu erhalten, entstehen meine Aufnahmen nach M\u00f6glichkeit bei blauem Himmel. F\u00fcr einen ausgepr\u00e4gten Bildkontrast ist aber auch ein Geb\u00e4ude mit heller Fassade sehr hilfreich.<\/p>\n\n\n\n<figure class=\"wp-block-image size-large\"><a href=\"http:\/\/irrecams.de\/staging\/wp-content\/uploads\/2022\/11\/2022_1027_11121700-1.jpg\"><img decoding=\"async\" loading=\"lazy\" width=\"1024\" height=\"853\" src=\"http:\/\/irrecams.de\/staging\/wp-content\/uploads\/2022\/11\/2022_1027_11121700-1-1024x853.jpg\" alt=\"\u00a9Werner Eisenreich\" class=\"wp-image-9049\" srcset=\"https:\/\/irrecams.de\/staging\/wp-content\/uploads\/2022\/11\/2022_1027_11121700-1-1024x853.jpg 1024w, https:\/\/irrecams.de\/staging\/wp-content\/uploads\/2022\/11\/2022_1027_11121700-1-300x250.jpg 300w, https:\/\/irrecams.de\/staging\/wp-content\/uploads\/2022\/11\/2022_1027_11121700-1-768x640.jpg 768w, https:\/\/irrecams.de\/staging\/wp-content\/uploads\/2022\/11\/2022_1027_11121700-1-14x12.jpg 14w, https:\/\/irrecams.de\/staging\/wp-content\/uploads\/2022\/11\/2022_1027_11121700-1-350x292.jpg 350w, https:\/\/irrecams.de\/staging\/wp-content\/uploads\/2022\/11\/2022_1027_11121700-1.jpg 1336w\" sizes=\"(max-width: 767px) 89vw, (max-width: 1000px) 54vw, (max-width: 1071px) 543px, 580px\" \/><\/a><figcaption class=\"wp-element-caption\">\u00a9Werner Eisenreich<\/figcaption><\/figure>\n\n\n\n<p>Meistens benutze ich ein 16-50 mm Objektiv f\u00fcr die Fotografie, \u00fcberwiegend mit 16 mm. Ein wichtiger Aspekt f\u00fcr mich ist die Perspektive, sie sollte m\u00f6glichst nicht frontal sein, auch bevorzuge ich den Blick von unten nach oben.<\/p>\n\n\n\n<figure class=\"wp-block-gallery has-nested-images columns-default is-cropped wp-block-gallery-3 is-layout-flex\">\n<figure class=\"wp-block-image size-large\"><a href=\"http:\/\/irrecams.de\/staging\/wp-content\/uploads\/2022\/11\/2022_1109_14224300-1.jpg\"><img decoding=\"async\" loading=\"lazy\" width=\"1024\" height=\"683\" data-id=\"9051\"  src=\"http:\/\/irrecams.de\/staging\/wp-content\/uploads\/2022\/11\/2022_1109_14224300-1-1024x683.jpg\" alt=\"\u00a9Werner Eisenreich\" class=\"wp-image-9051\" srcset=\"https:\/\/irrecams.de\/staging\/wp-content\/uploads\/2022\/11\/2022_1109_14224300-1-1024x683.jpg 1024w, https:\/\/irrecams.de\/staging\/wp-content\/uploads\/2022\/11\/2022_1109_14224300-1-300x200.jpg 300w, https:\/\/irrecams.de\/staging\/wp-content\/uploads\/2022\/11\/2022_1109_14224300-1-768x512.jpg 768w, https:\/\/irrecams.de\/staging\/wp-content\/uploads\/2022\/11\/2022_1109_14224300-1-1536x1024.jpg 1536w, https:\/\/irrecams.de\/staging\/wp-content\/uploads\/2022\/11\/2022_1109_14224300-1-18x12.jpg 18w, https:\/\/irrecams.de\/staging\/wp-content\/uploads\/2022\/11\/2022_1109_14224300-1-350x233.jpg 350w, https:\/\/irrecams.de\/staging\/wp-content\/uploads\/2022\/11\/2022_1109_14224300-1.jpg 1776w\" sizes=\"(max-width: 767px) 89vw, (max-width: 1000px) 54vw, (max-width: 1071px) 543px, 580px\" \/><\/a><figcaption class=\"wp-element-caption\">\u00a9Werner Eisenreich<\/figcaption><\/figure>\n\n\n\n<figure class=\"wp-block-image size-large\"><a href=\"http:\/\/irrecams.de\/staging\/wp-content\/uploads\/2022\/11\/2022_0901_14445200.jpg\"><img decoding=\"async\" loading=\"lazy\" width=\"683\" height=\"1024\" data-id=\"9046\"  src=\"http:\/\/irrecams.de\/staging\/wp-content\/uploads\/2022\/11\/2022_0901_14445200-683x1024.jpg\" alt=\"\u00a9Werner Eisenreich\" class=\"wp-image-9046\" srcset=\"https:\/\/irrecams.de\/staging\/wp-content\/uploads\/2022\/11\/2022_0901_14445200-683x1024.jpg 683w, https:\/\/irrecams.de\/staging\/wp-content\/uploads\/2022\/11\/2022_0901_14445200-200x300.jpg 200w, https:\/\/irrecams.de\/staging\/wp-content\/uploads\/2022\/11\/2022_0901_14445200-768x1152.jpg 768w, https:\/\/irrecams.de\/staging\/wp-content\/uploads\/2022\/11\/2022_0901_14445200-1024x1536.jpg 1024w, https:\/\/irrecams.de\/staging\/wp-content\/uploads\/2022\/11\/2022_0901_14445200-8x12.jpg 8w, https:\/\/irrecams.de\/staging\/wp-content\/uploads\/2022\/11\/2022_0901_14445200-350x525.jpg 350w, https:\/\/irrecams.de\/staging\/wp-content\/uploads\/2022\/11\/2022_0901_14445200.jpg 1184w\" sizes=\"(max-width: 683px) 100vw, 683px\" \/><\/a><figcaption class=\"wp-element-caption\">\u00a9Werner Eisenreich<\/figcaption><\/figure>\n<\/figure>\n\n\n\n<p>F\u00fcr mich ist die Infrarot Technik so reizvoll, weil sie in der Architektur Fotografie ganz einfach Dramatik erzeugt &#8211; und das ohne gro\u00dfen Aufwand.<\/p>\n\n\n\n<figure class=\"wp-block-image size-large\"><a href=\"http:\/\/irrecams.de\/staging\/wp-content\/uploads\/2022\/11\/2022_1109_14220200.jpg\"><img decoding=\"async\" loading=\"lazy\" width=\"1024\" height=\"1024\" src=\"http:\/\/irrecams.de\/staging\/wp-content\/uploads\/2022\/11\/2022_1109_14220200-1024x1024.jpg\" alt=\"\u00a9Werner Eisenreich\" class=\"wp-image-9050\" srcset=\"https:\/\/irrecams.de\/staging\/wp-content\/uploads\/2022\/11\/2022_1109_14220200-1024x1024.jpg 1024w, https:\/\/irrecams.de\/staging\/wp-content\/uploads\/2022\/11\/2022_1109_14220200-300x300.jpg 300w, https:\/\/irrecams.de\/staging\/wp-content\/uploads\/2022\/11\/2022_1109_14220200-150x150.jpg 150w, https:\/\/irrecams.de\/staging\/wp-content\/uploads\/2022\/11\/2022_1109_14220200-768x769.jpg 768w, https:\/\/irrecams.de\/staging\/wp-content\/uploads\/2022\/11\/2022_1109_14220200-12x12.jpg 12w, https:\/\/irrecams.de\/staging\/wp-content\/uploads\/2022\/11\/2022_1109_14220200-100x100.jpg 100w, https:\/\/irrecams.de\/staging\/wp-content\/uploads\/2022\/11\/2022_1109_14220200-250x250.jpg 250w, https:\/\/irrecams.de\/staging\/wp-content\/uploads\/2022\/11\/2022_1109_14220200-350x350.jpg 350w, https:\/\/irrecams.de\/staging\/wp-content\/uploads\/2022\/11\/2022_1109_14220200.jpg 1092w\" sizes=\"(max-width: 767px) 89vw, (max-width: 1000px) 54vw, (max-width: 1071px) 543px, 580px\" \/><\/a><figcaption class=\"wp-element-caption\">\u00a9Werner Eisenreich<\/figcaption><\/figure>\n\n\n\n<p>Meine Bildbearbeitung erfolgt \u00fcberwiegend in Lightroom und ist sehr sparsam. In der Regel beschr\u00e4nkt es sich auf geometrisches Ausrichten und Zuschneiden. Aber auch Belichtungskorrekturen und das selektive Aufhellen von Bildbereiche erfolgt hier. <\/p>\n\n\n\n<figure class=\"wp-block-gallery has-nested-images columns-2 is-cropped wp-block-gallery-5 is-layout-flex\">\n<figure class=\"wp-block-image size-large\"><a href=\"http:\/\/irrecams.de\/staging\/wp-content\/uploads\/2022\/11\/2022_1003_19350100.jpg\"><img decoding=\"async\" loading=\"lazy\" width=\"733\" height=\"1024\" data-id=\"9048\"  src=\"http:\/\/irrecams.de\/staging\/wp-content\/uploads\/2022\/11\/2022_1003_19350100-733x1024.jpg\" alt=\"\u00a9Werner Eisenreich\" class=\"wp-image-9048\" srcset=\"https:\/\/irrecams.de\/staging\/wp-content\/uploads\/2022\/11\/2022_1003_19350100-733x1024.jpg 733w, https:\/\/irrecams.de\/staging\/wp-content\/uploads\/2022\/11\/2022_1003_19350100-215x300.jpg 215w, https:\/\/irrecams.de\/staging\/wp-content\/uploads\/2022\/11\/2022_1003_19350100-768x1073.jpg 768w, https:\/\/irrecams.de\/staging\/wp-content\/uploads\/2022\/11\/2022_1003_19350100-1099x1536.jpg 1099w, https:\/\/irrecams.de\/staging\/wp-content\/uploads\/2022\/11\/2022_1003_19350100-9x12.jpg 9w, https:\/\/irrecams.de\/staging\/wp-content\/uploads\/2022\/11\/2022_1003_19350100-350x489.jpg 350w, https:\/\/irrecams.de\/staging\/wp-content\/uploads\/2022\/11\/2022_1003_19350100.jpg 1142w\" sizes=\"(max-width: 733px) 100vw, 733px\" \/><\/a><figcaption class=\"wp-element-caption\">\u00a9Werner Eisenreich<\/figcaption><\/figure>\n\n\n\n<figure class=\"wp-block-image size-large\"><a href=\"http:\/\/irrecams.de\/staging\/wp-content\/uploads\/2022\/11\/Shopping-center-.jpg\"><img decoding=\"async\" loading=\"lazy\" width=\"685\" height=\"1024\" data-id=\"9059\"  src=\"http:\/\/irrecams.de\/staging\/wp-content\/uploads\/2022\/11\/Shopping-center--685x1024.jpg\" alt=\"\u00a9Werner Eisenreich\" class=\"wp-image-9059\" srcset=\"https:\/\/irrecams.de\/staging\/wp-content\/uploads\/2022\/11\/Shopping-center--685x1024.jpg 685w, https:\/\/irrecams.de\/staging\/wp-content\/uploads\/2022\/11\/Shopping-center--201x300.jpg 201w, https:\/\/irrecams.de\/staging\/wp-content\/uploads\/2022\/11\/Shopping-center--768x1149.jpg 768w, https:\/\/irrecams.de\/staging\/wp-content\/uploads\/2022\/11\/Shopping-center--1027x1536.jpg 1027w, https:\/\/irrecams.de\/staging\/wp-content\/uploads\/2022\/11\/Shopping-center--8x12.jpg 8w, https:\/\/irrecams.de\/staging\/wp-content\/uploads\/2022\/11\/Shopping-center--350x524.jpg 350w, https:\/\/irrecams.de\/staging\/wp-content\/uploads\/2022\/11\/Shopping-center-.jpg 1105w\" sizes=\"(max-width: 685px) 100vw, 685px\" \/><\/a><figcaption class=\"wp-element-caption\">\u00a9Werner Eisenreich<\/figcaption><\/figure>\n\n\n\n<figure class=\"wp-block-image size-large\"><a href=\"http:\/\/irrecams.de\/staging\/wp-content\/uploads\/2022\/11\/Far-scaled.jpg\"><img decoding=\"async\" loading=\"lazy\" width=\"1024\" height=\"704\" data-id=\"9055\"  src=\"http:\/\/irrecams.de\/staging\/wp-content\/uploads\/2022\/11\/Far-1024x704.jpg\" alt=\"\u00a9Werner Eisenreich\" class=\"wp-image-9055\" srcset=\"https:\/\/irrecams.de\/staging\/wp-content\/uploads\/2022\/11\/Far-1024x704.jpg 1024w, https:\/\/irrecams.de\/staging\/wp-content\/uploads\/2022\/11\/Far-300x206.jpg 300w, https:\/\/irrecams.de\/staging\/wp-content\/uploads\/2022\/11\/Far-768x528.jpg 768w, https:\/\/irrecams.de\/staging\/wp-content\/uploads\/2022\/11\/Far-1536x1055.jpg 1536w, https:\/\/irrecams.de\/staging\/wp-content\/uploads\/2022\/11\/Far-2048x1407.jpg 2048w, https:\/\/irrecams.de\/staging\/wp-content\/uploads\/2022\/11\/Far-18x12.jpg 18w, https:\/\/irrecams.de\/staging\/wp-content\/uploads\/2022\/11\/Far-350x240.jpg 350w\" sizes=\"(max-width: 767px) 89vw, (max-width: 1000px) 54vw, (max-width: 1071px) 543px, 580px\" \/><\/a><figcaption class=\"wp-element-caption\">\u00a9Werner Eisenreich<\/figcaption><\/figure>\n\n\n\n<figure class=\"wp-block-image size-large\"><a href=\"http:\/\/irrecams.de\/staging\/wp-content\/uploads\/2022\/11\/Front-of-Museum-.jpg\"><img decoding=\"async\" loading=\"lazy\" width=\"1024\" height=\"710\" data-id=\"9056\"  src=\"http:\/\/irrecams.de\/staging\/wp-content\/uploads\/2022\/11\/Front-of-Museum--1024x710.jpg\" alt=\"\u00a9Werner Eisenreich\" class=\"wp-image-9056\" srcset=\"https:\/\/irrecams.de\/staging\/wp-content\/uploads\/2022\/11\/Front-of-Museum--1024x710.jpg 1024w, https:\/\/irrecams.de\/staging\/wp-content\/uploads\/2022\/11\/Front-of-Museum--300x208.jpg 300w, https:\/\/irrecams.de\/staging\/wp-content\/uploads\/2022\/11\/Front-of-Museum--768x533.jpg 768w, https:\/\/irrecams.de\/staging\/wp-content\/uploads\/2022\/11\/Front-of-Museum--1536x1065.jpg 1536w, https:\/\/irrecams.de\/staging\/wp-content\/uploads\/2022\/11\/Front-of-Museum--18x12.jpg 18w, https:\/\/irrecams.de\/staging\/wp-content\/uploads\/2022\/11\/Front-of-Museum--350x243.jpg 350w, https:\/\/irrecams.de\/staging\/wp-content\/uploads\/2022\/11\/Front-of-Museum-.jpg 1707w\" sizes=\"(max-width: 767px) 89vw, (max-width: 1000px) 54vw, (max-width: 1071px) 543px, 580px\" \/><\/a><figcaption class=\"wp-element-caption\">\u00a9Werner Eisenreich<\/figcaption><\/figure>\n\n\n\n<figure class=\"wp-block-image size-large\"><a href=\"http:\/\/irrecams.de\/staging\/wp-content\/uploads\/2022\/11\/DSCF2791-scaled.jpg\"><img decoding=\"async\" loading=\"lazy\" width=\"683\" height=\"1024\" data-id=\"9054\"  src=\"http:\/\/irrecams.de\/staging\/wp-content\/uploads\/2022\/11\/DSCF2791-683x1024.jpg\" alt=\"\u00a9Werner Eisenreich\" class=\"wp-image-9054\" srcset=\"https:\/\/irrecams.de\/staging\/wp-content\/uploads\/2022\/11\/DSCF2791-683x1024.jpg 683w, https:\/\/irrecams.de\/staging\/wp-content\/uploads\/2022\/11\/DSCF2791-200x300.jpg 200w, https:\/\/irrecams.de\/staging\/wp-content\/uploads\/2022\/11\/DSCF2791-768x1152.jpg 768w, https:\/\/irrecams.de\/staging\/wp-content\/uploads\/2022\/11\/DSCF2791-1024x1536.jpg 1024w, https:\/\/irrecams.de\/staging\/wp-content\/uploads\/2022\/11\/DSCF2791-1365x2048.jpg 1365w, https:\/\/irrecams.de\/staging\/wp-content\/uploads\/2022\/11\/DSCF2791-8x12.jpg 8w, https:\/\/irrecams.de\/staging\/wp-content\/uploads\/2022\/11\/DSCF2791-350x525.jpg 350w, https:\/\/irrecams.de\/staging\/wp-content\/uploads\/2022\/11\/DSCF2791-scaled.jpg 1707w\" sizes=\"(max-width: 683px) 100vw, 683px\" \/><\/a><figcaption class=\"wp-element-caption\">\u00a9Werner Eisenreich<\/figcaption><\/figure>\n<\/figure>\n\n\n\n<p>Mehr Bilder von Werner Eisenreich k\u00f6nnt ihr auf folgendem instagram Profil finden:<\/p>\n\n\n\n<p class=\"has-text-align-center has-medium-font-size\"><a href=\"https:\/\/www.instagram.com\/Werner.photographic\/\" target=\"_blank\" rel=\"noreferrer noopener\">Werner.photographic<\/a><\/p>\n","protected":false},"excerpt":{"rendered":"<p>Autor: Werner Eisenreich Ich fotografiere seit meinem 6. Lebensjahr, also praktisch so lange wie ich mich erinnern kann. Die Infrarot Fotografie kehrte 1990 in analoger Form in mein Leben ein, vor 2 Jahren auch digital mit einer umgebauten Fujifilm X-M1 mit 700nm Infrarot Filter.<\/p>\n","protected":false},"author":3,"featured_media":9057,"comment_status":"closed","ping_status":"closed","sticky":false,"template":"","format":"standard","meta":[],"categories":[3,358],"tags":[833,281,295,296],"_links":{"self":[{"href":"https:\/\/irrecams.de\/staging\/wp-json\/wp\/v2\/posts\/9040"}],"collection":[{"href":"https:\/\/irrecams.de\/staging\/wp-json\/wp\/v2\/posts"}],"about":[{"href":"https:\/\/irrecams.de\/staging\/wp-json\/wp\/v2\/types\/post"}],"author":[{"embeddable":true,"href":"https:\/\/irrecams.de\/staging\/wp-json\/wp\/v2\/users\/3"}],"replies":[{"embeddable":true,"href":"https:\/\/irrecams.de\/staging\/wp-json\/wp\/v2\/comments?post=9040"}],"version-history":[{"count":11,"href":"https:\/\/irrecams.de\/staging\/wp-json\/wp\/v2\/posts\/9040\/revisions"}],"predecessor-version":[{"id":9068,"href":"https:\/\/irrecams.de\/staging\/wp-json\/wp\/v2\/posts\/9040\/revisions\/9068"}],"wp:featuredmedia":[{"embeddable":true,"href":"https:\/\/irrecams.de\/staging\/wp-json\/wp\/v2\/media\/9057"}],"wp:attachment":[{"href":"https:\/\/irrecams.de\/staging\/wp-json\/wp\/v2\/media?parent=9040"}],"wp:term":[{"taxonomy":"category","embeddable":true,"href":"https:\/\/irrecams.de\/staging\/wp-json\/wp\/v2\/categories?post=9040"},{"taxonomy":"post_tag","embeddable":true,"href":"https:\/\/irrecams.de\/staging\/wp-json\/wp\/v2\/tags?post=9040"}],"curies":[{"name":"wp","href":"https:\/\/api.w.org\/{rel}","templated":true}]}}